{"id":18062,"date":"2024-09-03T19:29:42","date_gmt":"2024-09-03T22:29:42","guid":{"rendered":"https:\/\/diariorepublica.com.ar\/web\/?p=18062"},"modified":"2024-09-03T19:29:44","modified_gmt":"2024-09-03T22:29:44","slug":"murio-selva-aleman-una-prestigiosa-actriz-que-brillo-en-teatro-cine-y-television","status":"publish","type":"post","link":"https:\/\/diariorepublica.com.ar\/web\/index.php\/espectaculos\/2024\/09\/03\/murio-selva-aleman-una-prestigiosa-actriz-que-brillo-en-teatro-cine-y-television\/","title":{"rendered":"Muri\u00f3 Selva Alem\u00e1n, una prestigiosa actriz que brill\u00f3 en teatro, cine y televisi\u00f3n"},"content":{"rendered":"<p class=\"paragraph\">Este martes<b>\u00a0se conoci\u00f3 la muerte de\u00a0<\/b><b>Selva Alem\u00e1n<\/b><b>\u00a0a los 80 a\u00f1os.<\/b>\u00a0La noticia fue confirmada por la cuenta de X del Multiteatro Comafi, donde despidieron a la artista con sentidas palabras.<\/p>\n<p class=\"paragraph\">\u201cConfirmar el fallecimiento de nuestra querida amiga, n<b>os embarga de una pena indescriptible<\/b>. Muri\u00f3 Selva Alem\u00e1n. Sin m\u00e1s palabras\u201d, escribieron en el perfil del teatro.<\/p>\n<p>Alem\u00e1n fue una actriz todoterreno que brill\u00f3 tanto en cine como teatro y televisi\u00f3n. Su gran amor fue Arturo Puig, con quien estaba en pareja desde hace m\u00e1s de cinco d\u00e9cadas.<\/p>\n<div class=\"com-embed --twitter\">\n<div class=\"twitter-tweet twitter-tweet-rendered\"><iframe id=\"twitter-widget-0\" class=\"\" title=\"X Post\" src=\"https:\/\/platform.twitter.com\/embed\/Tweet.html?dnt=false&amp;embedId=twitter-widget-0&amp;features=eyJ0ZndfdGltZWxpbmVfbGlzdCI6eyJidWNrZXQiOltdLCJ2ZXJzaW9uIjpudWxsfSwidGZ3X2ZvbGxvd2VyX2NvdW50X3N1bnNldCI6eyJidWNrZXQiOnRydWUsInZlcnNpb24iOm51bGx9LCJ0ZndfdHdlZXRfZWRpdF9iYWNrZW5kIjp7ImJ1Y2tldCI6Im9uIiwidmVyc2lvbiI6bnVsbH0sInRmd19yZWZzcmNfc2Vzc2lvbiI6eyJidWNrZXQiOiJvbiIsInZlcnNpb24iOm51bGx9LCJ0ZndfZm9zbnJfc29mdF9pbnRlcnZlbnRpb25zX2VuYWJsZWQiOnsiYnVja2V0Ijoib24iLCJ2ZXJzaW9uIjpudWxsfSwidGZ3X21peGVkX21lZGlhXzE1ODk3Ijp7ImJ1Y2tldCI6InRyZWF0bWVudCIsInZlcnNpb24iOm51bGx9LCJ0ZndfZXhwZXJpbWVudHNfY29va2llX2V4cGlyYXRpb24iOnsiYnVja2V0IjoxMjA5NjAwLCJ2ZXJzaW9uIjpudWxsfSwidGZ3X3Nob3dfYmlyZHdhdGNoX3Bpdm90c19lbmFibGVkIjp7ImJ1Y2tldCI6Im9uIiwidmVyc2lvbiI6bnVsbH0sInRmd19kdXBsaWNhdGVfc2NyaWJlc190b19zZXR0aW5ncyI6eyJidWNrZXQiOiJvbiIsInZlcnNpb24iOm51bGx9LCJ0ZndfdXNlX3Byb2ZpbGVfaW1hZ2Vfc2hhcGVfZW5hYmxlZCI6eyJidWNrZXQiOiJvbiIsInZlcnNpb24iOm51bGx9LCJ0ZndfdmlkZW9faGxzX2R5bmFtaWNfbWFuaWZlc3RzXzE1MDgyIjp7ImJ1Y2tldCI6InRydWVfYml0cmF0ZSIsInZlcnNpb24iOm51bGx9LCJ0ZndfbGVnYWN5X3RpbWVsaW5lX3N1bnNldCI6eyJidWNrZXQiOnRydWUsInZlcnNpb24iOm51bGx9LCJ0ZndfdHdlZXRfZWRpdF9mcm9udGVuZCI6eyJidWNrZXQiOiJvbiIsInZlcnNpb24iOm51bGx9fQ%3D%3D&amp;frame=false&amp;hideCard=false&amp;hideThread=false&amp;id=1831089892782465385&amp;lang=es&amp;origin=https%3A%2F%2Fwww.lanacion.com.ar%2Fespectaculos%2Fmurio-selva-aleman-reconocida-actriz-argentina-a-los-80-anos-nid03092024%2F&amp;sessionId=f32f3ffb40ddd136102ef7b95d0b67693617df76&amp;theme=light&amp;widgetsVersion=2615f7e52b7e0%3A1702314776716&amp;width=550px\" frameborder=\"0\" scrolling=\"no\" allowfullscreen=\"allowfullscreen\" data-tweet-id=\"1831089892782465385\" data-mce-fragment=\"1\"><\/iframe><\/div>\n<\/div>\n<p>Su nombre real era Carmen Selva Giorno, naci\u00f3 el 30 de abril de 1944, hija de la recordada actriz Carmen Vallejo. Su deceso se produjo el 3 de septiembre de 2024. Se afili\u00f3 a la Asociaci\u00f3n Argentina de Actores en 1961. En 2003, el sindicato le entreg\u00f3 el Premio Podest\u00e1 a la Trayectoria Honorable junto con el Senado de la Naci\u00f3n. Inici\u00f3 su carrera en el teatro a una edad temprana y r\u00e1pidamente se convirti\u00f3 en una de las figuras m\u00e1s destacadas de la escena art\u00edstica argentina, llevando adelante una trayectoria de m\u00e1s de seis d\u00e9cadas, con m\u00faltiples reconocimientos.<\/p>\n<p>En televisi\u00f3n, particip\u00f3 en recordadas ficciones como \u00abNuestra galleguita\u00bb, \u00abMujercitas\u00bb, \u00abSituaci\u00f3n l\u00edmite\u00bb, \u00abAtreverse\u00bb, \u00abAlta Comedia\u00bb, \u00abSon amores,\u00bb, \u00abLalola\u00bb, \u00abMalparida\u00bb, \u00abFiscales\u00bb, \u00abLa bonita p\u00e1gina\u00bb, \u00abTiempo final\u00bb , entre muchas otras. En el cine, particip\u00f3 en pel\u00edculas como \u00abPimienta\u00bb, \u00abContar hasta diez\u00bb, \u00abLa isla\u00bb, \u00abEl grito de Celina\u00bb, \u00abLa murga\u00bb, \u00abEl \u00faltimo piso\u00bb, \u00abMam\u00e1 querida\u00bb, \u00abObjetos\u00bb, entre otras.<\/p>\n<p>En teatro, su versatilidad le permiti\u00f3 destacarse en obras de diversos g\u00e9neros, desde cl\u00e1sicos hasta comedias contempor\u00e1neas: \u00abMadres e hijos\u00bb, \u00abUna cierta piedad\u00bb, \u00ab\u00bfQui\u00e9n le teme a Virginia Woolf?\u00bb, \u00abCartas de amor\u00bb, \u00abLas troyanas\u00bb, \u00abLe Prenom\u00bb, \u00abLargo viaje de un d\u00eda hacia la noche\u00bb, \u00abDarse cuenta\u00bb, \u00abEl precio\u00bb, \u00abSonata de oto\u00f1o\u00bb, \u00abReconocernos\u00bb, \u00abTres hermanas\u00bb, entre otros espect\u00e1culos.<\/p>\n<p class=\"com-paragraph   --s\">\n","protected":false},"excerpt":{"rendered":"<p>Este martes\u00a0se conoci\u00f3 la muerte de\u00a0Selva Alem\u00e1n\u00a0a los 80 a\u00f1os.\u00a0La noticia fue confirmada por la cuenta de X del Multiteatro<\/p>\n","protected":false},"author":1,"featured_media":18063,"comment_status":"closed","ping_status":"closed","sticky":false,"template":"","format":"standard","meta":{"footnotes":"","jetpack_publicize_message":"","jetpack_publicize_feature_enabled":true,"jetpack_social_post_already_shared":true,"jetpack_social_options":{"image_generator_settings":{"template":"highway","enabled":false},"version":2}},"categories":[7],"tags":[],"class_list":["post-18062","post","type-post","status-publish","format-standard","has-post-thumbnail","hentry","category-espectaculos"],"jetpack_publicize_connections":[],"_links":{"self":[{"href":"https:\/\/diariorepublica.com.ar\/web\/index.php\/wp-json\/wp\/v2\/posts\/18062"}],"collection":[{"href":"https:\/\/diariorepublica.com.ar\/web\/index.php\/wp-json\/wp\/v2\/posts"}],"about":[{"href":"https:\/\/diariorepublica.com.ar\/web\/index.php\/wp-json\/wp\/v2\/types\/post"}],"author":[{"embeddable":true,"href":"https:\/\/diariorepublica.com.ar\/web\/index.php\/wp-json\/wp\/v2\/users\/1"}],"replies":[{"embeddable":true,"href":"https:\/\/diariorepublica.com.ar\/web\/index.php\/wp-json\/wp\/v2\/comments?post=18062"}],"version-history":[{"count":1,"href":"https:\/\/diariorepublica.com.ar\/web\/index.php\/wp-json\/wp\/v2\/posts\/18062\/revisions"}],"predecessor-version":[{"id":18064,"href":"https:\/\/diariorepublica.com.ar\/web\/index.php\/wp-json\/wp\/v2\/posts\/18062\/revisions\/18064"}],"wp:featuredmedia":[{"embeddable":true,"href":"https:\/\/diariorepublica.com.ar\/web\/index.php\/wp-json\/wp\/v2\/media\/18063"}],"wp:attachment":[{"href":"https:\/\/diariorepublica.com.ar\/web\/index.php\/wp-json\/wp\/v2\/media?parent=18062"}],"wp:term":[{"taxonomy":"category","embeddable":true,"href":"https:\/\/diariorepublica.com.ar\/web\/index.php\/wp-json\/wp\/v2\/categories?post=18062"},{"taxonomy":"post_tag","embeddable":true,"href":"https:\/\/diariorepublica.com.ar\/web\/index.php\/wp-json\/wp\/v2\/tags?post=18062"}],"curies":[{"name":"wp","href":"https:\/\/api.w.org\/{rel}","templated":true}]}}