{"id":18076,"date":"2024-09-04T09:14:45","date_gmt":"2024-09-04T12:14:45","guid":{"rendered":"https:\/\/diariorepublica.com.ar\/web\/?p=18076"},"modified":"2024-09-04T09:14:47","modified_gmt":"2024-09-04T12:14:47","slug":"el-enre-visita-el-centro-vecinal-san-martin-de-porres","status":"publish","type":"post","link":"https:\/\/diariorepublica.com.ar\/web\/index.php\/locales\/2024\/09\/04\/el-enre-visita-el-centro-vecinal-san-martin-de-porres\/","title":{"rendered":"El EnRe visita el Centro Vecinal San Martin de Porres"},"content":{"rendered":"<p>Con el prop\u00f3sito de concientizar, educar y promover los derechos de los usuarios, este viernes 6 de septiembre a las 10 horas en el Centro Vecinal San Mart\u00edn de Porres, ubicado en avenida Juan Pablo Vera 213, el Ente Regulador de Catamarca ofrecer\u00e1 una \u201cCharla informativa para leer y entender la factura del servicio de energ\u00eda el\u00e9ctrica\u201d.<\/p>\n<p>El objetivo principal es capacitar y trasladar herramientas \u00fatiles para que la ciudadan\u00eda pueda realizar una mejor comprensi\u00f3n del contenido de las facturas de los servicios de luz y de agua potable que llegan a los hogares.<\/p>\n<p>Adem\u00e1s, estar\u00e1 presente la oficina m\u00f3vil en la que los vecinos podr\u00e1n realizar consultas, recibir asesoramiento, concretar reclamos entre otros tr\u00e1mites<\/p>\n<p>Cabe recordar que esta iniciativa est\u00e1 enmarcada en una campa\u00f1a iniciada por el Ente Regulador con el prop\u00f3sito de ofrecer capacitaciones en los distintos centros vecinales de la Capital.<\/p>\n","protected":false},"excerpt":{"rendered":"<p>Con el prop\u00f3sito de concientizar, educar y promover los derechos de los usuarios, este viernes 6 de septiembre a las<\/p>\n","protected":false},"author":1,"featured_media":18077,"comment_status":"closed","ping_status":"closed","sticky":false,"template":"","format":"standard","meta":{"footnotes":"","jetpack_publicize_message":"","jetpack_publicize_feature_enabled":true,"jetpack_social_post_already_shared":true,"jetpack_social_options":{"image_generator_settings":{"template":"highway","enabled":false},"version":2}},"categories":[2],"tags":[],"class_list":["post-18076","post","type-post","status-publish","format-standard","has-post-thumbnail","hentry","category-locales"],"jetpack_publicize_connections":[],"_links":{"self":[{"href":"https:\/\/diariorepublica.com.ar\/web\/index.php\/wp-json\/wp\/v2\/posts\/18076"}],"collection":[{"href":"https:\/\/diariorepublica.com.ar\/web\/index.php\/wp-json\/wp\/v2\/posts"}],"about":[{"href":"https:\/\/diariorepublica.com.ar\/web\/index.php\/wp-json\/wp\/v2\/types\/post"}],"author":[{"embeddable":true,"href":"https:\/\/diariorepublica.com.ar\/web\/index.php\/wp-json\/wp\/v2\/users\/1"}],"replies":[{"embeddable":true,"href":"https:\/\/diariorepublica.com.ar\/web\/index.php\/wp-json\/wp\/v2\/comments?post=18076"}],"version-history":[{"count":1,"href":"https:\/\/diariorepublica.com.ar\/web\/index.php\/wp-json\/wp\/v2\/posts\/18076\/revisions"}],"predecessor-version":[{"id":18078,"href":"https:\/\/diariorepublica.com.ar\/web\/index.php\/wp-json\/wp\/v2\/posts\/18076\/revisions\/18078"}],"wp:featuredmedia":[{"embeddable":true,"href":"https:\/\/diariorepublica.com.ar\/web\/index.php\/wp-json\/wp\/v2\/media\/18077"}],"wp:attachment":[{"href":"https:\/\/diariorepublica.com.ar\/web\/index.php\/wp-json\/wp\/v2\/media?parent=18076"}],"wp:term":[{"taxonomy":"category","embeddable":true,"href":"https:\/\/diariorepublica.com.ar\/web\/index.php\/wp-json\/wp\/v2\/categories?post=18076"},{"taxonomy":"post_tag","embeddable":true,"href":"https:\/\/diariorepublica.com.ar\/web\/index.php\/wp-json\/wp\/v2\/tags?post=18076"}],"curies":[{"name":"wp","href":"https:\/\/api.w.org\/{rel}","templated":true}]}}