{"id":18103,"date":"2024-09-05T12:48:00","date_gmt":"2024-09-05T15:48:00","guid":{"rendered":"https:\/\/diariorepublica.com.ar\/web\/?p=18103"},"modified":"2024-09-05T17:50:21","modified_gmt":"2024-09-05T20:50:21","slug":"dybala-y-lo-celso-son-los-elegidos-para-utilizar-los-dorsales-de-messi-y-di-maria","status":"publish","type":"post","link":"https:\/\/diariorepublica.com.ar\/web\/index.php\/deportes\/2024\/09\/05\/dybala-y-lo-celso-son-los-elegidos-para-utilizar-los-dorsales-de-messi-y-di-maria\/","title":{"rendered":"Dybala y Lo Celso son los elegidos para utilizar los dorsales de Messi y Di Mar\u00eda"},"content":{"rendered":"<div class=\"sPlayerReader \" data-mow_video=\"ar-mvzcwry3hqf\" data-mow_init=\"true\">\n<div id=\"mar-mvzcwry3hqf-245055877969313\" class=\"mowplayer mowplayer-container mowplayer23-theme-dark\" data-ar_header_title_desktop=\"Escuchar el art\u00edculo dando click al reproductor:\" data-ar_header_title_mobile=\"Escuchar el art\u00edculo:\">\n<div class=\"mow mow__playlist-wrapper mow-wait_play mow-hide-controls mow-type_audio mow-provider_html5 mow__playlist_type_audio mow-ui_enabled mow__theme_light mw-script mow__layout-audio_slim mow-paused mow-stopped mow_audio_reader mw_size_300\">\n<div class=\"mow__responsive-wrapper  audio-reader-responsive-c\">\n<div class=\"mow__audio-no-playlist-wrapper\">\n<div class=\"mow__layout-row mow__layout-va_audio-reader\"><\/div>\n<\/div>\n<\/div>\n<\/div>\n<\/div>\n<\/div>\n<div class=\"small-12 medium-12 large-12 columns \">\n<div class=\"e-post-text\">\n<div class=\"article-body\" data-tadevel-template=\"web\/article-body\">\n<div class=\"article-body-content\">\n<p><strong>El entrenador de la Selecci\u00f3n argentina, Lionel Scaloni, defini\u00f3 que Paulo Dybala y Giovani Lo Celso utilicen los dorsales que dejaron disponibles los ausentes Lionel Messi y \u00c1ngel Di Mar\u00eda.<\/strong><\/p>\n<p><strong>La Selecci\u00f3n nacional enfrentar\u00e1 esta noche a Chile\u00a0<\/strong>y, ante la ausencia de dichos futbolistas, el DT de la \u00abScaloneta\u00bb design\u00f3 los n\u00fameros que utilizar\u00e1n los futbolistas y al nuevo capit\u00e1n, tras no convocar al astro argentino.<\/p>\n<p><strong>El emblem\u00e1tico n\u00famero 10 qued\u00f3 sin due\u00f1o -de forma provisoria-, ya que Messi a\u00fan no se recuper\u00f3 de la lesi\u00f3n que sufri\u00f3 en la final de la Copa Am\u00e9rica ante Colombia. En consecuencia, tambi\u00e9n liber\u00f3 la capitan\u00eda.<\/strong><\/p>\n<p><strong>Lo mismo ocurri\u00f3 con el dorsal 11 de Di Mar\u00eda, ya que el rosarino se retir\u00f3 de la Selecci\u00f3n nacional tras la final que lo convirti\u00f3 en bicampe\u00f3n de Am\u00e9rica<\/strong>.<\/p>\n<p>De esta manera, el entrenador decidi\u00f3 que para el encuentro ante Chile,<strong>\u00a0Paulo Dybala tomar\u00e1 el n\u00famero 10 de Messi, mientras que Giovani Lo Celso heredar\u00e1 la 11 de \u201cFideo\u201d.<\/strong><\/p>\n<p>Por otra parte,<strong>\u00a0Nicol\u00e1s Otamendi ser\u00e1 el capit\u00e1n argentino ante la ausencia del jugador de Inter Miami.\u00a0<\/strong>De esta manera, el experimentado defensor formar\u00e1 parte del equipo titular y liderar\u00e1 al plantel.<\/p>\n<p>\u00abEl proceso de elecci\u00f3n del capit\u00e1n es en base al equipo que salga ma\u00f1ana. Es importante que el jugador que lleve la cinta sea alguien con quien el equipo se sienta representado. Tenemos muchos jugadores que as\u00ed lo hacen\u00bb, explic\u00f3 Scaloni este mi\u00e9rcoles en conferencia de prensa.<\/p>\n<p>Si bien Otamendi ya la port\u00f3 en algunas ocasiones, la incertidumbre pasaba por su presencia dentro del equipo inicial, algo que ya qued\u00f3 despejado.<\/p>\n<p><strong>El defensor disput\u00f3 los Juegos Ol\u00edmpicos de Par\u00eds 2024 con la Selecci\u00f3n Argentina Sub-23, certamen en el que fue capit\u00e1n.<\/strong><\/p>\n<\/div>\n<\/div>\n<div class=\"top style-scope view-comment-preview\">\n<div class=\"title style-scope view-comment-preview\">NA<\/div>\n<\/div>\n<\/div>\n<\/div>\n","protected":false},"excerpt":{"rendered":"<p>El entrenador de la Selecci\u00f3n argentina, Lionel Scaloni, defini\u00f3 que Paulo Dybala y Giovani Lo Celso utilicen los dorsales que<\/p>\n","protected":false},"author":1,"featured_media":18104,"comment_status":"closed","ping_status":"closed","sticky":false,"template":"","format":"standard","meta":{"footnotes":"","jetpack_publicize_message":"","jetpack_publicize_feature_enabled":true,"jetpack_social_post_already_shared":true,"jetpack_social_options":{"image_generator_settings":{"template":"highway","enabled":false},"version":2}},"categories":[9],"tags":[],"class_list":["post-18103","post","type-post","status-publish","format-standard","has-post-thumbnail","hentry","category-deportes"],"jetpack_publicize_connections":[],"_links":{"self":[{"href":"https:\/\/diariorepublica.com.ar\/web\/index.php\/wp-json\/wp\/v2\/posts\/18103"}],"collection":[{"href":"https:\/\/diariorepublica.com.ar\/web\/index.php\/wp-json\/wp\/v2\/posts"}],"about":[{"href":"https:\/\/diariorepublica.com.ar\/web\/index.php\/wp-json\/wp\/v2\/types\/post"}],"author":[{"embeddable":true,"href":"https:\/\/diariorepublica.com.ar\/web\/index.php\/wp-json\/wp\/v2\/users\/1"}],"replies":[{"embeddable":true,"href":"https:\/\/diariorepublica.com.ar\/web\/index.php\/wp-json\/wp\/v2\/comments?post=18103"}],"version-history":[{"count":1,"href":"https:\/\/diariorepublica.com.ar\/web\/index.php\/wp-json\/wp\/v2\/posts\/18103\/revisions"}],"predecessor-version":[{"id":18105,"href":"https:\/\/diariorepublica.com.ar\/web\/index.php\/wp-json\/wp\/v2\/posts\/18103\/revisions\/18105"}],"wp:featuredmedia":[{"embeddable":true,"href":"https:\/\/diariorepublica.com.ar\/web\/index.php\/wp-json\/wp\/v2\/media\/18104"}],"wp:attachment":[{"href":"https:\/\/diariorepublica.com.ar\/web\/index.php\/wp-json\/wp\/v2\/media?parent=18103"}],"wp:term":[{"taxonomy":"category","embeddable":true,"href":"https:\/\/diariorepublica.com.ar\/web\/index.php\/wp-json\/wp\/v2\/categories?post=18103"},{"taxonomy":"post_tag","embeddable":true,"href":"https:\/\/diariorepublica.com.ar\/web\/index.php\/wp-json\/wp\/v2\/tags?post=18103"}],"curies":[{"name":"wp","href":"https:\/\/api.w.org\/{rel}","templated":true}]}}