{"id":18115,"date":"2024-09-05T17:59:24","date_gmt":"2024-09-05T20:59:24","guid":{"rendered":"https:\/\/diariorepublica.com.ar\/web\/?p=18115"},"modified":"2024-09-05T17:59:25","modified_gmt":"2024-09-05T20:59:25","slug":"el-exmedico-presidencial-admitio-que-vio-a-yanez-con-un-moreton-pero-le-dijeron-que-fue-por-un-golpe-involuntario","status":"publish","type":"post","link":"https:\/\/diariorepublica.com.ar\/web\/index.php\/nacionales\/2024\/09\/05\/el-exmedico-presidencial-admitio-que-vio-a-yanez-con-un-moreton-pero-le-dijeron-que-fue-por-un-golpe-involuntario\/","title":{"rendered":"El exm\u00e9dico presidencial admiti\u00f3 que vio a Ya\u00f1ez con un moret\u00f3n, pero le dijeron que fue por un \u201cgolpe involuntario\u201d"},"content":{"rendered":"<p>El exm\u00e9dico presidencial Federico Saavedra declar\u00f3 hoy por m\u00e1s de seis horas y sostuvo ante la Justicia que desconoc\u00eda que Fabiola Ya\u00f1ez fuera v\u00edctima de hechos de violencia de parte del expresidente Alberto Fern\u00e1ndez. Dijo que solo tuvo conocimiento de un moret\u00f3n en el ojo de Ya\u00f1ez -no de otras lesiones- y relat\u00f3 que en aquel momento le informaron que el hematoma fue producto de un \u201cgolpe involuntario\u201d que se habr\u00eda producido en la \u201cesfera \u00edntima\u201d de la pareja. M\u00e1s precisamente en la cama matrimonial.<\/p>\n<p>Seg\u00fan sostuvo ante el fiscal Ramiro Gonz\u00e1lez, el m\u00e9dico recibi\u00f3 un mensaje en la noche del 26 de junio de 2021 mediante el cual lo pon\u00edan al tanto de un \u201chematoma\u201d. Como Saavedra atravesaba por ese entonces los \u00faltimos d\u00edas de un cuadro de Covid, le recet\u00f3 globulitos de \u00e1rnico y heparina, y fue reci\u00e9n el mi\u00e9rcoles 30 de junio realiz\u00f3 una visita a la quinta de Olivos. En la ma\u00f1ana de aquel d\u00eda, el jefe de la Unidad M\u00e9dica presidencial vio el moret\u00f3n en el ojo de Ya\u00f1ez, aunque, seg\u00fan le indicaron a este medio fuentes al tanto de lo que ocurri\u00f3 en la audiencia, ni el color ni el tama\u00f1o de ese moret\u00f3n se correspond\u00edan con el hematoma de las fotos que est\u00e1n como prueba en el expediente, mucho m\u00e1s grandes.<\/p>\n<p>Cuando el m\u00e9dico pregunt\u00f3 a qu\u00e9 obedec\u00eda la hematoma, la pareja sostuvo que hab\u00eda sido producto de un \u201cgolpe involuntario\u201d en la \u201cesfera \u00edntima\u201d.<\/p>\n<p>Uno de los 9 hechos que conforman la hip\u00f3tesis delictiva de la fiscal\u00eda es un golpe de pu\u00f1o que Fern\u00e1ndez le da a Ya\u00f1ez, fechado tentativamente por Gonz\u00e1lez en julio. \u201cEn el mes de julio de 2021, Alberto Fern\u00e1ndez, mientras se encontraba junto a Fabiola Y\u00e1\u00f1ez en la cama de la suite presidencial del chalet de la Quinta de Olivos, luego de una discusi\u00f3n originada posiblemente por la denominada \u201cfiesta de Olivos\u201d, le propin\u00f3 un golpe de pu\u00f1o en el ojo, ante lo cual Y\u00e1\u00f1ez le cuestion\u00f3 \u2018\u00bfqu\u00e9 me hiciste?\u2019. Fern\u00e1ndez no le contest\u00f3 nada, se dio vuelta y con eso termin\u00f3 la discusi\u00f3n\u201d, detall\u00f3 el fiscal.<\/p>\n<p>lanacion.com.ar<\/p>\n","protected":false},"excerpt":{"rendered":"<p>El exm\u00e9dico presidencial Federico Saavedra declar\u00f3 hoy por m\u00e1s de seis horas y sostuvo ante la Justicia que desconoc\u00eda que<\/p>\n","protected":false},"author":1,"featured_media":18116,"comment_status":"closed","ping_status":"closed","sticky":false,"template":"","format":"standard","meta":{"footnotes":"","jetpack_publicize_message":"","jetpack_publicize_feature_enabled":true,"jetpack_social_post_already_shared":true,"jetpack_social_options":{"image_generator_settings":{"template":"highway","enabled":false},"version":2}},"categories":[4],"tags":[],"class_list":["post-18115","post","type-post","status-publish","format-standard","has-post-thumbnail","hentry","category-nacionales"],"jetpack_publicize_connections":[],"_links":{"self":[{"href":"https:\/\/diariorepublica.com.ar\/web\/index.php\/wp-json\/wp\/v2\/posts\/18115"}],"collection":[{"href":"https:\/\/diariorepublica.com.ar\/web\/index.php\/wp-json\/wp\/v2\/posts"}],"about":[{"href":"https:\/\/diariorepublica.com.ar\/web\/index.php\/wp-json\/wp\/v2\/types\/post"}],"author":[{"embeddable":true,"href":"https:\/\/diariorepublica.com.ar\/web\/index.php\/wp-json\/wp\/v2\/users\/1"}],"replies":[{"embeddable":true,"href":"https:\/\/diariorepublica.com.ar\/web\/index.php\/wp-json\/wp\/v2\/comments?post=18115"}],"version-history":[{"count":1,"href":"https:\/\/diariorepublica.com.ar\/web\/index.php\/wp-json\/wp\/v2\/posts\/18115\/revisions"}],"predecessor-version":[{"id":18117,"href":"https:\/\/diariorepublica.com.ar\/web\/index.php\/wp-json\/wp\/v2\/posts\/18115\/revisions\/18117"}],"wp:featuredmedia":[{"embeddable":true,"href":"https:\/\/diariorepublica.com.ar\/web\/index.php\/wp-json\/wp\/v2\/media\/18116"}],"wp:attachment":[{"href":"https:\/\/diariorepublica.com.ar\/web\/index.php\/wp-json\/wp\/v2\/media?parent=18115"}],"wp:term":[{"taxonomy":"category","embeddable":true,"href":"https:\/\/diariorepublica.com.ar\/web\/index.php\/wp-json\/wp\/v2\/categories?post=18115"},{"taxonomy":"post_tag","embeddable":true,"href":"https:\/\/diariorepublica.com.ar\/web\/index.php\/wp-json\/wp\/v2\/tags?post=18115"}],"curies":[{"name":"wp","href":"https:\/\/api.w.org\/{rel}","templated":true}]}}