{"id":18121,"date":"2024-09-06T07:52:13","date_gmt":"2024-09-06T10:52:13","guid":{"rendered":"https:\/\/diariorepublica.com.ar\/web\/?p=18121"},"modified":"2024-09-06T07:52:15","modified_gmt":"2024-09-06T10:52:15","slug":"presentaron-el-documental-fray-mamerto-esquiu-ciudadano-del-cielo","status":"publish","type":"post","link":"https:\/\/diariorepublica.com.ar\/web\/index.php\/sociedad\/2024\/09\/06\/presentaron-el-documental-fray-mamerto-esquiu-ciudadano-del-cielo\/","title":{"rendered":"Presentaron el documental \u00abFray Mamerto Esqui\u00fa, ciudadano del cielo\u00bb"},"content":{"rendered":"<p>Este mi\u00e9rcoles 4 de septiembre, se present\u00f3 en el Cine Teatro Catamarca el documental \u00abFray Mamerto Esqui\u00fa, ciudadano del cielo\u00bb realizado por B&amp;B Producciones. El documental, dirigido por Jorge Oneglia, est\u00e1 inspirado en la vida y obra de Fray Mamerto Esqui\u00fa, un ferviente defensor de la educaci\u00f3n y la formaci\u00f3n en valores morales y \u00e9ticos.<\/p>\n<p>Participaron de la proyecci\u00f3n el gobernador Ra\u00fal Jalil, la Ministra de Cultura, Turismo y Deporte, Daiana Rold\u00e1n; el ministro de Educaci\u00f3n, Dalmacio Mera; el obispo, Monse\u00f1or Luis Urbanc, entre otros funcionarios, quienes destacaron la importancia de este documental para la educaci\u00f3n y la identidad cultural de la provincia.<\/p>\n<p>Rold\u00e1n, acompa\u00f1ada de la secretaria de Gesti\u00f3n Cultural, Laura Maubec\u00edn, hizo entrega de un tapiz con la imagen de la Virgen del Valle a Bettina Bulgheroni, productora de B&amp;B Producciones y presidenta de la Fundaci\u00f3n Educando.<\/p>\n<p>Previo a la proyecci\u00f3n de la pieza audiovisual, Bulgheroni expres\u00f3 su profunda admiraci\u00f3n por los valores de Fray Mamerto Esqui\u00fa, \u201ces un ejemplo de humildad y de sabidur\u00eda, este documental es un compromiso con la patria y la esperanza de que encontremos en su figura la inspiraci\u00f3n necesaria para seguir trabajando por la educaci\u00f3n, esa herramienta fundamental para el progreso de nuestra sociedad\u201d.<\/p>\n<p>La sala estuvo colmada de estudiantes del nivel primario de diferentes escuelas de la Capital.<\/p>\n<p>Durante el evento, se recordaron las palabras del Papa Francisco en la beatificaci\u00f3n de Mamerto Esqui\u00fa, lo que provoc\u00f3 un momento emotivo y aplausos en la sala. La presentaci\u00f3n del documental coincide con el tercer aniversario de la lectura de la Carta Apost\u00f3lica en la que el Papa inscribi\u00f3 a Fray\u00a0Mamerto Esqui\u00fa en el libro de los Beatos.<\/p>\n","protected":false},"excerpt":{"rendered":"<p>Este mi\u00e9rcoles 4 de septiembre, se present\u00f3 en el Cine Teatro Catamarca el documental \u00abFray Mamerto Esqui\u00fa, ciudadano del cielo\u00bb<\/p>\n","protected":false},"author":1,"featured_media":18122,"comment_status":"closed","ping_status":"closed","sticky":false,"template":"","format":"standard","meta":{"footnotes":"","jetpack_publicize_message":"","jetpack_publicize_feature_enabled":true,"jetpack_social_post_already_shared":true,"jetpack_social_options":{"image_generator_settings":{"template":"highway","enabled":false},"version":2}},"categories":[3],"tags":[],"class_list":["post-18121","post","type-post","status-publish","format-standard","has-post-thumbnail","hentry","category-sociedad"],"jetpack_publicize_connections":[],"_links":{"self":[{"href":"https:\/\/diariorepublica.com.ar\/web\/index.php\/wp-json\/wp\/v2\/posts\/18121"}],"collection":[{"href":"https:\/\/diariorepublica.com.ar\/web\/index.php\/wp-json\/wp\/v2\/posts"}],"about":[{"href":"https:\/\/diariorepublica.com.ar\/web\/index.php\/wp-json\/wp\/v2\/types\/post"}],"author":[{"embeddable":true,"href":"https:\/\/diariorepublica.com.ar\/web\/index.php\/wp-json\/wp\/v2\/users\/1"}],"replies":[{"embeddable":true,"href":"https:\/\/diariorepublica.com.ar\/web\/index.php\/wp-json\/wp\/v2\/comments?post=18121"}],"version-history":[{"count":1,"href":"https:\/\/diariorepublica.com.ar\/web\/index.php\/wp-json\/wp\/v2\/posts\/18121\/revisions"}],"predecessor-version":[{"id":18123,"href":"https:\/\/diariorepublica.com.ar\/web\/index.php\/wp-json\/wp\/v2\/posts\/18121\/revisions\/18123"}],"wp:featuredmedia":[{"embeddable":true,"href":"https:\/\/diariorepublica.com.ar\/web\/index.php\/wp-json\/wp\/v2\/media\/18122"}],"wp:attachment":[{"href":"https:\/\/diariorepublica.com.ar\/web\/index.php\/wp-json\/wp\/v2\/media?parent=18121"}],"wp:term":[{"taxonomy":"category","embeddable":true,"href":"https:\/\/diariorepublica.com.ar\/web\/index.php\/wp-json\/wp\/v2\/categories?post=18121"},{"taxonomy":"post_tag","embeddable":true,"href":"https:\/\/diariorepublica.com.ar\/web\/index.php\/wp-json\/wp\/v2\/tags?post=18121"}],"curies":[{"name":"wp","href":"https:\/\/api.w.org\/{rel}","templated":true}]}}