{"id":18133,"date":"2024-09-06T00:01:00","date_gmt":"2024-09-06T03:01:00","guid":{"rendered":"https:\/\/diariorepublica.com.ar\/web\/?p=18133"},"modified":"2024-09-06T09:02:42","modified_gmt":"2024-09-06T12:02:42","slug":"merecido-homenaje-a-angel-di-maria","status":"publish","type":"post","link":"https:\/\/diariorepublica.com.ar\/web\/index.php\/deportes\/2024\/09\/06\/merecido-homenaje-a-angel-di-maria\/","title":{"rendered":"Merecido homenaje a \u00c1ngel Di Mar\u00eda"},"content":{"rendered":"<article id=\"article-post\" class=\"first\">\n<div class=\"cuerpo\" data-twitter-link=\"https:\/\/twitter.com\/intent\/tweet?url=https:\/\/www.diariopopular.com.ar\/c804465&amp;via=poopulardiario&amp;related=Popular&amp;text=\">\n<p><strong>El campe\u00f3n del mundo y bicampe\u00f3n de Am\u00e9rica \u00c1ngel Di Mar\u00eda fue homenajeado y le agradeci\u00f3 a todos los hinchas por el amor antes del partido de la Selecci\u00f3n argentina frente a Chile por las Eliminatorias para el Mundial 2026.<\/strong><\/p>\n<\/div>\n<\/article>\n<article id=\"article-post\">\n<div class=\"cuerpo\" data-twitter-link=\"https:\/\/twitter.com\/intent\/tweet?url=https:\/\/www.diariopopular.com.ar\/c804465&amp;via=poopulardiario&amp;related=Popular&amp;text=\">\n<p>\u00abGracias eternas, ahora soy un hincha m\u00e1s. Voy estar en cada Copa Am\u00e9rica y en cada Mundial con mi familia\u00bb, asegur\u00f3 Di Mar\u00eda, tras recibir una placa por parte del presidente de la AFA, Claudio Tapia, y una r\u00e9plica de la Copa Am\u00e9rica, la cu\u00e1l gan\u00f3 dos veces en 2021 y 2024.<\/p>\n<div id=\"embed29_wrap\" class=\"embed_cont type_freetext\" contenteditable=\"false\">\n<div id=\"embed29_content\" class=\"embed_content\">\n<div id=\"embed29_embed\">\n<div class=\"video_container\"><iframe loading=\"lazy\" class=\"video_iframe\" src=\"https:\/\/www.youtube.com\/embed\/b6g_9SX9qh4\" width=\"100%\" height=\"360\" frameborder=\"0\" scrolling=\"no\" data-gtm-yt-inspected-13=\"true\" data-mce-fragment=\"1\"><\/iframe><\/div>\n<\/div>\n<\/div>\n<div id=\"embed29_epigrafe\" class=\"embed_epigrafe\"><\/div>\n<div id=\"embed29_copyright\" class=\"embed_copyright\"><\/div>\n<\/div>\n<p>\u00abTengo muchos sentimientos por dentro. Es dif\u00edcil hablar. Quiero agradecer a toda la gente que trabaja en AFA. Fueron 16 a\u00f1os junto a ellos. Viv\u00ed cosas dif\u00edciles y termin\u00e9 feliz junto a ellos\u00bb, continu\u00f3 el \u00abFideo\u00bb, que adem\u00e1s tuvo la despedida con el tema \u00abNo me olvides\u00bb por parte de Abel Pintos.<\/p>\n<p>Incluso Messi, quien se qued\u00f3 en Miami en plena recuperaci\u00f3n, le mand\u00f3 un mensaje a Di Mar\u00eda por su despedida: \u00abPerd\u00f3n por no poder estar en esta noche tan especial para vos. Desearte que disfrutes de esta noche, con tu familia, seres queridos\u00bb.<\/p>\n<p>\u00abEste homenaje tan merecido que tenes por todo lo que nos diste, a nivel personal nos dijimos todo lo que ten\u00edamos para decirnos. Tuvimos la suerte de compartir un a\u00f1o juntos. Quien iba a decir todo lo que pasamos en la Selecci\u00f3n, todo lo vivido. M\u00e1s all\u00e1 de todo lo que nos toc\u00f3 pasar, terminamos campeones de todo. Disfruta porque te lo mereces, te vamos a extra\u00f1ar mucho\u00bb, cerr\u00f3 \u00abLeo\u00bb en un video.<\/p>\n<p>Adem\u00e1s, junto a su mujer y sus hijas, el atacante vio emocionado y con l\u00e1grimas un video con el repaso de toda su carrera en el seleccionado, desde su coronaci\u00f3n en Beijing 2008 hasta la \u00faltima Copa Am\u00e9rica en Estados Unidos 2024.<\/p>\n<\/div>\n<\/article>\n","protected":false},"excerpt":{"rendered":"<p>El campe\u00f3n del mundo y bicampe\u00f3n de Am\u00e9rica \u00c1ngel Di Mar\u00eda fue homenajeado y le agradeci\u00f3 a todos los hinchas<\/p>\n","protected":false},"author":1,"featured_media":18134,"comment_status":"closed","ping_status":"closed","sticky":false,"template":"","format":"standard","meta":{"footnotes":"","jetpack_publicize_message":"","jetpack_publicize_feature_enabled":true,"jetpack_social_post_already_shared":true,"jetpack_social_options":{"image_generator_settings":{"template":"highway","enabled":false},"version":2}},"categories":[9],"tags":[],"class_list":["post-18133","post","type-post","status-publish","format-standard","has-post-thumbnail","hentry","category-deportes"],"jetpack_publicize_connections":[],"_links":{"self":[{"href":"https:\/\/diariorepublica.com.ar\/web\/index.php\/wp-json\/wp\/v2\/posts\/18133"}],"collection":[{"href":"https:\/\/diariorepublica.com.ar\/web\/index.php\/wp-json\/wp\/v2\/posts"}],"about":[{"href":"https:\/\/diariorepublica.com.ar\/web\/index.php\/wp-json\/wp\/v2\/types\/post"}],"author":[{"embeddable":true,"href":"https:\/\/diariorepublica.com.ar\/web\/index.php\/wp-json\/wp\/v2\/users\/1"}],"replies":[{"embeddable":true,"href":"https:\/\/diariorepublica.com.ar\/web\/index.php\/wp-json\/wp\/v2\/comments?post=18133"}],"version-history":[{"count":1,"href":"https:\/\/diariorepublica.com.ar\/web\/index.php\/wp-json\/wp\/v2\/posts\/18133\/revisions"}],"predecessor-version":[{"id":18135,"href":"https:\/\/diariorepublica.com.ar\/web\/index.php\/wp-json\/wp\/v2\/posts\/18133\/revisions\/18135"}],"wp:featuredmedia":[{"embeddable":true,"href":"https:\/\/diariorepublica.com.ar\/web\/index.php\/wp-json\/wp\/v2\/media\/18134"}],"wp:attachment":[{"href":"https:\/\/diariorepublica.com.ar\/web\/index.php\/wp-json\/wp\/v2\/media?parent=18133"}],"wp:term":[{"taxonomy":"category","embeddable":true,"href":"https:\/\/diariorepublica.com.ar\/web\/index.php\/wp-json\/wp\/v2\/categories?post=18133"},{"taxonomy":"post_tag","embeddable":true,"href":"https:\/\/diariorepublica.com.ar\/web\/index.php\/wp-json\/wp\/v2\/tags?post=18133"}],"curies":[{"name":"wp","href":"https:\/\/api.w.org\/{rel}","templated":true}]}}