{"id":18139,"date":"2024-09-06T09:07:22","date_gmt":"2024-09-06T12:07:22","guid":{"rendered":"https:\/\/diariorepublica.com.ar\/web\/?p=18139"},"modified":"2024-09-06T09:07:24","modified_gmt":"2024-09-06T12:07:24","slug":"segun-las-mediciones-de-las-consultoras-privadas-la-inflacion-de-agosto-fue-de-39","status":"publish","type":"post","link":"https:\/\/diariorepublica.com.ar\/web\/index.php\/economia\/2024\/09\/06\/segun-las-mediciones-de-las-consultoras-privadas-la-inflacion-de-agosto-fue-de-39\/","title":{"rendered":"Seg\u00fan las mediciones de las consultoras privadas, la inflaci\u00f3n de agosto fue de 3,9%"},"content":{"rendered":"<p>Las principales consultoras privadas del pa\u00eds estiman una inflaci\u00f3n para agosto del 3,9%. Este es el Relevamiento de Expectativas de Mercado (REM) que realiza el Banco Central y el dato que arroj\u00f3 indica apenas una d\u00e9cima por debajo de la registrada en julio.<\/p>\n<p>A su vez, del relevamiento que fue realizado entre el 28 y 30 de agosto, se desprende que los analistas estimaron para septiembre las proyecciones de inflaci\u00f3n fue del 3,5% y para todo el a\u00f1o de 122,9%, lo que represent\u00f3 bajas de 0,2 puntos porcentuales y 4,75 respectivamente a la encuesta hecha a finales de julio.<\/p>\n<p>Tambi\u00e9n los analistas estimaron que el Producto Interno Bruto (PIB) caer\u00e1 3,8% lo que represent\u00f3 una baja de 0,1 p.p. respecto a la medici\u00f3n anterior. En tanto, la tasa de desocupaci\u00f3n alcanzar\u00e1 a fin de a\u00f1o al 8,1% frente al 5,7% con que termin\u00f3 el 2023.<\/p>\n<p>Quienes participan del REM pronosticaron una tasa BADLAR de bancos privados, para agosto de 38,5% TNA, equivalente a una Tasa Efectiva Mensual de 3,2%.<\/p>\n","protected":false},"excerpt":{"rendered":"<p>Las principales consultoras privadas del pa\u00eds estiman una inflaci\u00f3n para agosto del 3,9%. Este es el Relevamiento de Expectativas de<\/p>\n","protected":false},"author":1,"featured_media":18140,"comment_status":"closed","ping_status":"closed","sticky":false,"template":"","format":"standard","meta":{"footnotes":"","jetpack_publicize_message":"","jetpack_publicize_feature_enabled":true,"jetpack_social_post_already_shared":true,"jetpack_social_options":{"image_generator_settings":{"template":"highway","enabled":false},"version":2}},"categories":[5],"tags":[],"class_list":["post-18139","post","type-post","status-publish","format-standard","has-post-thumbnail","hentry","category-economia"],"jetpack_publicize_connections":[],"_links":{"self":[{"href":"https:\/\/diariorepublica.com.ar\/web\/index.php\/wp-json\/wp\/v2\/posts\/18139"}],"collection":[{"href":"https:\/\/diariorepublica.com.ar\/web\/index.php\/wp-json\/wp\/v2\/posts"}],"about":[{"href":"https:\/\/diariorepublica.com.ar\/web\/index.php\/wp-json\/wp\/v2\/types\/post"}],"author":[{"embeddable":true,"href":"https:\/\/diariorepublica.com.ar\/web\/index.php\/wp-json\/wp\/v2\/users\/1"}],"replies":[{"embeddable":true,"href":"https:\/\/diariorepublica.com.ar\/web\/index.php\/wp-json\/wp\/v2\/comments?post=18139"}],"version-history":[{"count":1,"href":"https:\/\/diariorepublica.com.ar\/web\/index.php\/wp-json\/wp\/v2\/posts\/18139\/revisions"}],"predecessor-version":[{"id":18141,"href":"https:\/\/diariorepublica.com.ar\/web\/index.php\/wp-json\/wp\/v2\/posts\/18139\/revisions\/18141"}],"wp:featuredmedia":[{"embeddable":true,"href":"https:\/\/diariorepublica.com.ar\/web\/index.php\/wp-json\/wp\/v2\/media\/18140"}],"wp:attachment":[{"href":"https:\/\/diariorepublica.com.ar\/web\/index.php\/wp-json\/wp\/v2\/media?parent=18139"}],"wp:term":[{"taxonomy":"category","embeddable":true,"href":"https:\/\/diariorepublica.com.ar\/web\/index.php\/wp-json\/wp\/v2\/categories?post=18139"},{"taxonomy":"post_tag","embeddable":true,"href":"https:\/\/diariorepublica.com.ar\/web\/index.php\/wp-json\/wp\/v2\/tags?post=18139"}],"curies":[{"name":"wp","href":"https:\/\/api.w.org\/{rel}","templated":true}]}}