{"id":18142,"date":"2024-09-06T18:18:59","date_gmt":"2024-09-06T21:18:59","guid":{"rendered":"https:\/\/diariorepublica.com.ar\/web\/?p=18142"},"modified":"2024-09-06T18:19:01","modified_gmt":"2024-09-06T21:19:01","slug":"apertura-de-inscripciones-para-el-torneo-3x3-de-basquet-y-batalla-de-rap","status":"publish","type":"post","link":"https:\/\/diariorepublica.com.ar\/web\/index.php\/locales\/2024\/09\/06\/apertura-de-inscripciones-para-el-torneo-3x3-de-basquet-y-batalla-de-rap\/","title":{"rendered":"Apertura de Inscripciones para el Torneo 3&#215;3 de B\u00e1squet y Batalla de Rap"},"content":{"rendered":"<p>La ciudad se prepara para un evento para toda la juventud y familias, con la apertura de inscripciones para el Torneo de Basquet en modalidad 3&#215;3 y Batalla Freestyle de Rap, organizado por la Vicegobernaci\u00f3n que conduce Rub\u00e9n Dusso, que se llevar\u00e1 a cabo en diversas canchas de la ciudad, y que tendr\u00e1 lanzamiento oficial el viernes 13 de septiembre a partir de las 17 hs en la cancha del Dique El Jumeal.<\/p>\n<p>La propuesta que combina deporte y cultura urbana contar\u00e1 en el caso del torneo de b\u00e1squet con tres categor\u00edas principales para participar; Masculino; Mini hasta 16 a\u00f1os y Libre a partir de 17 a\u00f1os, con la posibilidad de incluir hasta un jugador federado. Femenino; libre para todas las edades.<\/p>\n<p>En cuanto a la Batalla de Rap, se competir\u00e1 en modalidad 1 vs 1, sin restricciones de edad, lo que promete un espect\u00e1culo vibrante y lleno de talento. Los participantes tendr\u00e1n la oportunidad de demostrar sus habilidades en un ambiente competitivo y festivo.<\/p>\n<p>El evento constar\u00e1 de cuatro encuentros previos, repartidos estrat\u00e9gicamente entre el norte, sur, este y oeste de la ciudad para asegurar la participaci\u00f3n m\u00e1s amplia posible, que culminar\u00e1 en una gran final con importantes premios. Adem\u00e1s, los asistentes podr\u00e1n disfrutar de m\u00fasica en vivo, la participaci\u00f3n de emprendedores locales, sorteos y muchas sorpresas m\u00e1s.<\/p>\n<p>En cada encuentro el equipo de vicegobernaci\u00f3n se har\u00e1 presente a trav\u00e9s de los programas del plan Vicegobernaci\u00f3n Activa, con servicios para las vecinas y vecinos<\/p>\n<p>Las inscripciones para el torneo est\u00e1n disponibles a trav\u00e9s del siguiente enlace<\/p>\n<p><a href=\"https:\/\/docs.google.com\/forms\/d\/e\/1FAIpQLScYDNTKJb7pHaSeTRpfX3CSH1MGfUB7E4dmNQLuXnjJtYJ3SQ\/viewform\" target=\"_blank\" rel=\"noopener\" data-saferedirecturl=\"https:\/\/www.google.com\/url?q=https:\/\/docs.google.com\/forms\/d\/e\/1FAIpQLScYDNTKJb7pHaSeTRpfX3CSH1MGfUB7E4dmNQLuXnjJtYJ3SQ\/viewform&amp;source=gmail&amp;ust=1725743679162000&amp;usg=AOvVaw1628YJM6z4ElOElISpomb1\">https:\/\/docs.google.com\/forms\/<wbr \/>d\/e\/<wbr \/>1FAIpQLScYDNTKJb7pHaSeTRpfX3CS<wbr \/>H1MGfUB7E4dmNQLuXnjJtYJ3SQ\/<wbr \/>viewform<\/a><span style=\"color: #888888;\"><br clear=\"all\" \/><\/span><\/p>\n<div><\/div>\n","protected":false},"excerpt":{"rendered":"<p>La ciudad se prepara para un evento para toda la juventud y familias, con la apertura de inscripciones para el<\/p>\n","protected":false},"author":1,"featured_media":18143,"comment_status":"closed","ping_status":"closed","sticky":false,"template":"","format":"standard","meta":{"footnotes":"","jetpack_publicize_message":"","jetpack_publicize_feature_enabled":true,"jetpack_social_post_already_shared":true,"jetpack_social_options":{"image_generator_settings":{"template":"highway","enabled":false},"version":2}},"categories":[2],"tags":[],"class_list":["post-18142","post","type-post","status-publish","format-standard","has-post-thumbnail","hentry","category-locales"],"jetpack_publicize_connections":[],"_links":{"self":[{"href":"https:\/\/diariorepublica.com.ar\/web\/index.php\/wp-json\/wp\/v2\/posts\/18142"}],"collection":[{"href":"https:\/\/diariorepublica.com.ar\/web\/index.php\/wp-json\/wp\/v2\/posts"}],"about":[{"href":"https:\/\/diariorepublica.com.ar\/web\/index.php\/wp-json\/wp\/v2\/types\/post"}],"author":[{"embeddable":true,"href":"https:\/\/diariorepublica.com.ar\/web\/index.php\/wp-json\/wp\/v2\/users\/1"}],"replies":[{"embeddable":true,"href":"https:\/\/diariorepublica.com.ar\/web\/index.php\/wp-json\/wp\/v2\/comments?post=18142"}],"version-history":[{"count":1,"href":"https:\/\/diariorepublica.com.ar\/web\/index.php\/wp-json\/wp\/v2\/posts\/18142\/revisions"}],"predecessor-version":[{"id":18144,"href":"https:\/\/diariorepublica.com.ar\/web\/index.php\/wp-json\/wp\/v2\/posts\/18142\/revisions\/18144"}],"wp:featuredmedia":[{"embeddable":true,"href":"https:\/\/diariorepublica.com.ar\/web\/index.php\/wp-json\/wp\/v2\/media\/18143"}],"wp:attachment":[{"href":"https:\/\/diariorepublica.com.ar\/web\/index.php\/wp-json\/wp\/v2\/media?parent=18142"}],"wp:term":[{"taxonomy":"category","embeddable":true,"href":"https:\/\/diariorepublica.com.ar\/web\/index.php\/wp-json\/wp\/v2\/categories?post=18142"},{"taxonomy":"post_tag","embeddable":true,"href":"https:\/\/diariorepublica.com.ar\/web\/index.php\/wp-json\/wp\/v2\/tags?post=18142"}],"curies":[{"name":"wp","href":"https:\/\/api.w.org\/{rel}","templated":true}]}}