{"id":18148,"date":"2024-09-06T18:36:55","date_gmt":"2024-09-06T21:36:55","guid":{"rendered":"https:\/\/diariorepublica.com.ar\/web\/?p=18148"},"modified":"2024-09-06T18:36:56","modified_gmt":"2024-09-06T21:36:56","slug":"incendios-en-cordoba-las-llamas-siguen-fuera-de-control-en-la-calera","status":"publish","type":"post","link":"https:\/\/diariorepublica.com.ar\/web\/index.php\/nacionales\/2024\/09\/06\/incendios-en-cordoba-las-llamas-siguen-fuera-de-control-en-la-calera\/","title":{"rendered":"Incendios en C\u00f3rdoba: las llamas siguen fuera de control en La Calera\u00a0"},"content":{"rendered":"<p>Los incendios en C\u00f3rdoba contin\u00faan sin control y este viernes la actividad de los bomberos se concentr\u00f3 en La Calera, una ciudad del departamento Col\u00f3n situada a unos 10 kil\u00f3metros de la capital provincial. La alta velocidad del viento y su rotaci\u00f3n permanente llev\u00f3 el fuego pr\u00e1cticamente a las puertas de las casas, como en el barrio La Cuesta.<\/p>\n<article class=\"article-body\">\n<div class=\"article-content\">\n<div class=\"news-body-paragraph\" data-twitter-link=\"\">\n<p>All\u00ed,<strong>\u00a0los varios vecinos ya se autoevacuaron<\/strong>\u00a0y se han observado al respecto im\u00e1genes dram\u00e1ticas, de personas volviendo solo para llevarse a sus mascotas.<\/p>\n<\/div>\n<\/div>\n<\/article>\n<article class=\"article-body third-p\">\n<div class=\"article-content\">\n<div class=\"news-body-paragraph\" data-twitter-link=\"\">\n<p>Las autoridades\u00a0<strong>han recomendado extremar la precauci\u00f3n en las \u00e1reas afectadas<\/strong>, con varios puntos de la autopista que une Carlos Paz con la capital provincial que fue cortada ayer y que hoy se reabri\u00f3 hoy con ciertas restricciones.<\/p>\n<p>A pesar del esfuerzo de los bomberos y el apoyo a\u00e9reo,<strong>\u00a0las condiciones clim\u00e1ticas adversas<\/strong>, como la falta de lluvias y el aumento de las temperaturas,<strong>\u00a0agravan la situaci\u00f3n.<\/strong><\/p>\n<p>Este incendio\u00a0<strong>tiene su foco de origen en el Tiro Federal\u00a0<\/strong>y tambi\u00e9n<strong>\u00a0amenaza a las casas del country La Estanzuela<\/strong>. Por otro lado,\u00a0<strong>se cort\u00f3 la ruta provincial E-55<\/strong>\u00a0debido al avance de las llamas. Personal de<strong>\u00a0bomberos, del Equipo T\u00e9cnico de Acci\u00f3n ante Cat\u00e1strofes (ETAC) y aviones de la provincia<\/strong>\u00a0trabajan para combatir el fuego.<\/p>\n<p>Adem\u00e1s,<strong>\u00a0dos bomberos debieron ser hospitalizados,<\/strong>\u00a0uno de ellos internado en terapia intensiva producto de las quemaduras que recibi\u00f3 cuando intentaba combatir el fuego. Asimismo, tambi\u00e9n hubo\u00a0<strong>dos brigadistas que debieron ser atendidos\u00a0<\/strong>en el Instituto del Quemado.<\/p>\n<\/div>\n<\/div>\n<\/article>\n","protected":false},"excerpt":{"rendered":"<p>Los incendios en C\u00f3rdoba contin\u00faan sin control y este viernes la actividad de los bomberos se concentr\u00f3 en La Calera,<\/p>\n","protected":false},"author":1,"featured_media":18149,"comment_status":"closed","ping_status":"closed","sticky":false,"template":"","format":"standard","meta":{"footnotes":"","jetpack_publicize_message":"","jetpack_publicize_feature_enabled":true,"jetpack_social_post_already_shared":true,"jetpack_social_options":{"image_generator_settings":{"template":"highway","enabled":false},"version":2}},"categories":[4],"tags":[],"class_list":["post-18148","post","type-post","status-publish","format-standard","has-post-thumbnail","hentry","category-nacionales"],"jetpack_publicize_connections":[],"_links":{"self":[{"href":"https:\/\/diariorepublica.com.ar\/web\/index.php\/wp-json\/wp\/v2\/posts\/18148"}],"collection":[{"href":"https:\/\/diariorepublica.com.ar\/web\/index.php\/wp-json\/wp\/v2\/posts"}],"about":[{"href":"https:\/\/diariorepublica.com.ar\/web\/index.php\/wp-json\/wp\/v2\/types\/post"}],"author":[{"embeddable":true,"href":"https:\/\/diariorepublica.com.ar\/web\/index.php\/wp-json\/wp\/v2\/users\/1"}],"replies":[{"embeddable":true,"href":"https:\/\/diariorepublica.com.ar\/web\/index.php\/wp-json\/wp\/v2\/comments?post=18148"}],"version-history":[{"count":1,"href":"https:\/\/diariorepublica.com.ar\/web\/index.php\/wp-json\/wp\/v2\/posts\/18148\/revisions"}],"predecessor-version":[{"id":18150,"href":"https:\/\/diariorepublica.com.ar\/web\/index.php\/wp-json\/wp\/v2\/posts\/18148\/revisions\/18150"}],"wp:featuredmedia":[{"embeddable":true,"href":"https:\/\/diariorepublica.com.ar\/web\/index.php\/wp-json\/wp\/v2\/media\/18149"}],"wp:attachment":[{"href":"https:\/\/diariorepublica.com.ar\/web\/index.php\/wp-json\/wp\/v2\/media?parent=18148"}],"wp:term":[{"taxonomy":"category","embeddable":true,"href":"https:\/\/diariorepublica.com.ar\/web\/index.php\/wp-json\/wp\/v2\/categories?post=18148"},{"taxonomy":"post_tag","embeddable":true,"href":"https:\/\/diariorepublica.com.ar\/web\/index.php\/wp-json\/wp\/v2\/tags?post=18148"}],"curies":[{"name":"wp","href":"https:\/\/api.w.org\/{rel}","templated":true}]}}