{"id":18191,"date":"2024-09-10T11:31:00","date_gmt":"2024-09-10T14:31:00","guid":{"rendered":"https:\/\/diariorepublica.com.ar\/web\/?p=18191"},"modified":"2024-09-10T07:36:41","modified_gmt":"2024-09-10T10:36:41","slug":"hoy-la-seleccion-argentina-enfrenta-a-colombia-por-las-eliminatorias","status":"publish","type":"post","link":"https:\/\/diariorepublica.com.ar\/web\/index.php\/deportes\/2024\/09\/10\/hoy-la-seleccion-argentina-enfrenta-a-colombia-por-las-eliminatorias\/","title":{"rendered":"Hoy la Selecci\u00f3n Argentina enfrenta a Colombia, por las Eliminatorias"},"content":{"rendered":"<p>La\u00a0<b>Selecci\u00f3n Argentina<\/b>\u00a0va por un paso m\u00e1s en las\u00a0<b>Eliminatorias Sudamericanas<\/b>, cuando este martes visite a\u00a0<b>Colombia<\/b>, desde las 17.30, por la octava jornada del certamen clasificatorio al Mundial 2026 que se jugar\u00e1 en Estados Unidos, M\u00e9xico y Canad\u00e1.<\/p>\n<p>El Estadio Metropolitano Roberto Mel\u00e9ndez ser\u00e1 el escenario donde los dirigidos por\u00a0<b>Lionel Scaloni,<\/b>\u00a0nuevamente<b>\u00a0sin su capit\u00e1n y estandarte Lionel Messi, ni \u00c1ngel Di Mar\u00eda,\u00a0<\/b>ya retirado del combinado nacional, reeditar\u00e1n\u00a0la final de la Copa Am\u00e9rica 2024\u00a0ante Colombia, tras lo que fue la\u00a0contundente victoria sobre Chile por 3-0 en el Monumental, con los golazos de\u00a0<b>Alexis Mac Allister, Juli\u00e1n \u00c1lvarez y Paulo Dybala.<\/b><\/p>\n<p>Si bien la diferencia en favor de la Selecci\u00f3n es abultada, debido a los cruces en las \u00faltimas dos ediciones de la Copa Am\u00e9rica hace que tenga un condimento especial este nuevo enfrentamiento. La Albiceleste y Los Cafeteros se enfrentaron 41 veces:<b>\u00a021 victorias fueron para Argentina, 9 para Colombia y en 11 ocasiones terminaron en empate.\u00a0<\/b><\/p>\n<p><b>Colombia solamente ha conseguido dos triunfos jugando de local ante Argentina por Eliminatorias<\/b>, la primera fue en 1993 para clasificar al Mundial de Estados Unidos 1994 donde los colombianos ganaron por 2-1, y el otro antecedente fue en el 2007 en la previa al Mundial de Sud\u00e1frica 2010, partido en el cual La Tricolor venci\u00f3 por 2-1 al combinado nacional.<\/p>\n<p>El \u00faltimo enfrentamiento le trae buenos recuerdos a los campeones del mundo &#8211; y bicampeones de Am\u00e9rica- dado que fue el 14 de julio pasado en la final de la Copa Am\u00e9rica 2024 que se disput\u00f3 en Estados Unidos, donde gracias al gol de Lautaro Mart\u00ednez al minuto 112 conquistaron por 16\u00ba vez en la historia el trofeo continental.<\/p>\n<p>En esta ventana internacional, tras el t\u00edtulo de la Copa Am\u00e9rica 2024, Scaloni parece haber puesto en marcha la renovaci\u00f3n, ya que la lista incluye a\u00a0<b>Valent\u00edn Barco, Equi Fern\u00e1ndez, Mat\u00edas Soul\u00e9, Giuliano Simeone, Valent\u00edn Castellanos y los ya habituales Valent\u00edn Carboni y Alejandro Garnacho<\/b>. Con esto, el entrenador argentino busca consolidar la nueva camada junto a los actuales campeones para seguir en lo m\u00e1s alto del certamen clasificatorio, con hasta el momento\u00a0<b>18 puntos<\/b>\u00a0conseguidos, luego de lo que fue el triunfo c\u00f3modo ante Chile en el Estadio Monumental.<\/p>\n<p>Con Alexis Mac Allister y Nico Gonz\u00e1lez en duda, el entrenador piensa diferentes alternativas en la formaci\u00f3n inicial para el duelo en Barranquilla. De no responder bien el futbolista del Liverpool, Leandro Paredes ingresar\u00eda en su lugar, mientras que con Nicol\u00e1s Gonz\u00e1lez, saldr\u00eda del equipo por Giovani Lo Celso, quien cuenta con m\u00e1s chances de ser titular.<\/p>\n<p>De todas formas, Scaloni tambi\u00e9n analiza hacer cambios en la defensa. Sobre todo, considerando que enfrente estar\u00e1 Luis D\u00edaz. Por eso, tambi\u00e9n podr\u00eda cambiar al lateral izquierdo Marcos Acu\u00f1a podr\u00eda meterse en el once titular por Nicol\u00e1s Otamendi, con Lisandro Mart\u00ednez jugando de central.<\/p>\n<p>Por su parte, el equipo dirigido por\u00a0<b>N\u00e9stor Lorenzo<\/b>\u00a0ocupa el\u00a0<b>tercer lugar en la clasificaci\u00f3n con 13 puntos<\/b>\u00a0en siete partidos,\u00a0<b>habiendo igualado 1-1 con Per\u00fa\u00a0<\/b>en el Estadio Monumental de Lima. El seleccionado cafetero estuvo lejos de la gran imagen que demostr\u00f3 en la Copa Am\u00e9rica 2024 y\u00a0evit\u00f3 una dura derrota en los minutos finales de su visita a suelo incaico.<\/p>\n","protected":false},"excerpt":{"rendered":"<p>La\u00a0Selecci\u00f3n Argentina\u00a0va por un paso m\u00e1s en las\u00a0Eliminatorias Sudamericanas, cuando este martes visite a\u00a0Colombia, desde las 17.30, por la octava<\/p>\n","protected":false},"author":1,"featured_media":18192,"comment_status":"closed","ping_status":"closed","sticky":false,"template":"","format":"standard","meta":{"footnotes":"","jetpack_publicize_message":"","jetpack_publicize_feature_enabled":true,"jetpack_social_post_already_shared":true,"jetpack_social_options":{"image_generator_settings":{"template":"highway","enabled":false},"version":2}},"categories":[9],"tags":[],"class_list":["post-18191","post","type-post","status-publish","format-standard","has-post-thumbnail","hentry","category-deportes"],"jetpack_publicize_connections":[],"_links":{"self":[{"href":"https:\/\/diariorepublica.com.ar\/web\/index.php\/wp-json\/wp\/v2\/posts\/18191"}],"collection":[{"href":"https:\/\/diariorepublica.com.ar\/web\/index.php\/wp-json\/wp\/v2\/posts"}],"about":[{"href":"https:\/\/diariorepublica.com.ar\/web\/index.php\/wp-json\/wp\/v2\/types\/post"}],"author":[{"embeddable":true,"href":"https:\/\/diariorepublica.com.ar\/web\/index.php\/wp-json\/wp\/v2\/users\/1"}],"replies":[{"embeddable":true,"href":"https:\/\/diariorepublica.com.ar\/web\/index.php\/wp-json\/wp\/v2\/comments?post=18191"}],"version-history":[{"count":1,"href":"https:\/\/diariorepublica.com.ar\/web\/index.php\/wp-json\/wp\/v2\/posts\/18191\/revisions"}],"predecessor-version":[{"id":18193,"href":"https:\/\/diariorepublica.com.ar\/web\/index.php\/wp-json\/wp\/v2\/posts\/18191\/revisions\/18193"}],"wp:featuredmedia":[{"embeddable":true,"href":"https:\/\/diariorepublica.com.ar\/web\/index.php\/wp-json\/wp\/v2\/media\/18192"}],"wp:attachment":[{"href":"https:\/\/diariorepublica.com.ar\/web\/index.php\/wp-json\/wp\/v2\/media?parent=18191"}],"wp:term":[{"taxonomy":"category","embeddable":true,"href":"https:\/\/diariorepublica.com.ar\/web\/index.php\/wp-json\/wp\/v2\/categories?post=18191"},{"taxonomy":"post_tag","embeddable":true,"href":"https:\/\/diariorepublica.com.ar\/web\/index.php\/wp-json\/wp\/v2\/tags?post=18191"}],"curies":[{"name":"wp","href":"https:\/\/api.w.org\/{rel}","templated":true}]}}