{"id":18194,"date":"2024-09-10T00:06:00","date_gmt":"2024-09-10T03:06:00","guid":{"rendered":"https:\/\/diariorepublica.com.ar\/web\/?p=18194"},"modified":"2024-09-10T07:37:56","modified_gmt":"2024-09-10T10:37:56","slug":"le-dieron-el-alta-a-guillermo-francos-tras-haber-sufrido-un-cuadro-gastrointestinal-agudo","status":"publish","type":"post","link":"https:\/\/diariorepublica.com.ar\/web\/index.php\/nacionales\/2024\/09\/10\/le-dieron-el-alta-a-guillermo-francos-tras-haber-sufrido-un-cuadro-gastrointestinal-agudo\/","title":{"rendered":"Le dieron el alta a Guillermo Francos tras haber sufrido un cuadro gastrointestinal agudo"},"content":{"rendered":"<p>El jefe de Gabinete,\u00a0<strong>Guillermo Francos, fue dado de alta\u00a0este lunes por la tarde despu\u00e9s de haber estado internado desde el domingo \u00faltimo<\/strong>\u00a0<strong>por un cuadro gastrointestinal<\/strong>.<\/p>\n<p>Francos, de 74 a\u00f1os, se encontraba en la cl\u00ednica porte\u00f1a Sagrada Familia, tras haberse dirigido en primer lugar al Hospital de Pacheco.<\/p>\n<p><strong>\u00abEntre el martes y el mi\u00e9rcoles retomo la actividad\u00bb, expres\u00f3 el funcionario<\/strong>, en declaraciones period\u00edsticas, al salir del nosocomio a las 17:45. De acuerdo a lo pronunciado por Francos, existe la chance de que forme parte este martes de la reuni\u00f3n de Gabinete prevista para ese d\u00eda.<\/p>\n<p><strong>Por la ma\u00f1ana del lunes se hab\u00eda difundido el \u00faltimo parte m\u00e9dico del jefe de Gabinete, en el que se hab\u00eda informado que se encontraba \u00abrecuperado, l\u00facido, afebril y estable\u00bb.<\/strong><\/p>\n<p>\u00abEl doctor Guillermo Francos cursa su segundo d\u00eda de internaci\u00f3n en la cl\u00ednica Sagrada Familia, post descompensaci\u00f3n por cuadro sincopal y p\u00e9rdida de conocimiento\u00bb, se detall\u00f3. Asimismo, se indic\u00f3 que el funcionario permanec\u00eda \u00abcon par\u00e1metros cl\u00ednicos, hemodin\u00e1micos y fisiol\u00f3gicos normales\u00bb y en condiciones \u00abde pre alta cl\u00ednica\u00bb.<\/p>\n<p>El funcionario hab\u00eda ingresado a la cl\u00ednica porte\u00f1a por un cuadro gastrointestinal que deriv\u00f3 en un episodio de lipotimia e implic\u00f3 la p\u00e9rdida de la conciencia.<\/p>\n<p>Pese a lo sucedido, tanto los profesionales que lo atendieron como su entorno dejaron en claro que se recuperaba favorablemente y que, en no mucho tiempo, volver\u00eda a retomar sus tareas.<\/p>\n<p>Francos ten\u00eda previsto este lunes encabezar en Casa Rosada un encuentro con referentes de la oposici\u00f3n dialoguista en Diputados para afianzar el v\u00ednculo de cara a la agenda parlamentaria que busca seguir el oficialismo, luego de las \u00faltimas derrotas para el oficialismo en el recinto.<\/p>\n<p>Finalmente debi\u00f3 ser reemplazado en la reuni\u00f3n por la secretaria General de la Presidencia, Karina Milei, y el vicejefe de Gabinete del Interior, Lisandro Catal\u00e1n.<\/p>\n<p>Fuente: NA.<\/p>\n","protected":false},"excerpt":{"rendered":"<p>El jefe de Gabinete,\u00a0Guillermo Francos, fue dado de alta\u00a0este lunes por la tarde despu\u00e9s de haber estado internado desde el<\/p>\n","protected":false},"author":1,"featured_media":18195,"comment_status":"closed","ping_status":"closed","sticky":false,"template":"","format":"standard","meta":{"footnotes":"","jetpack_publicize_message":"","jetpack_publicize_feature_enabled":true,"jetpack_social_post_already_shared":true,"jetpack_social_options":{"image_generator_settings":{"template":"highway","enabled":false},"version":2}},"categories":[4],"tags":[],"class_list":["post-18194","post","type-post","status-publish","format-standard","has-post-thumbnail","hentry","category-nacionales"],"jetpack_publicize_connections":[],"_links":{"self":[{"href":"https:\/\/diariorepublica.com.ar\/web\/index.php\/wp-json\/wp\/v2\/posts\/18194"}],"collection":[{"href":"https:\/\/diariorepublica.com.ar\/web\/index.php\/wp-json\/wp\/v2\/posts"}],"about":[{"href":"https:\/\/diariorepublica.com.ar\/web\/index.php\/wp-json\/wp\/v2\/types\/post"}],"author":[{"embeddable":true,"href":"https:\/\/diariorepublica.com.ar\/web\/index.php\/wp-json\/wp\/v2\/users\/1"}],"replies":[{"embeddable":true,"href":"https:\/\/diariorepublica.com.ar\/web\/index.php\/wp-json\/wp\/v2\/comments?post=18194"}],"version-history":[{"count":1,"href":"https:\/\/diariorepublica.com.ar\/web\/index.php\/wp-json\/wp\/v2\/posts\/18194\/revisions"}],"predecessor-version":[{"id":18196,"href":"https:\/\/diariorepublica.com.ar\/web\/index.php\/wp-json\/wp\/v2\/posts\/18194\/revisions\/18196"}],"wp:featuredmedia":[{"embeddable":true,"href":"https:\/\/diariorepublica.com.ar\/web\/index.php\/wp-json\/wp\/v2\/media\/18195"}],"wp:attachment":[{"href":"https:\/\/diariorepublica.com.ar\/web\/index.php\/wp-json\/wp\/v2\/media?parent=18194"}],"wp:term":[{"taxonomy":"category","embeddable":true,"href":"https:\/\/diariorepublica.com.ar\/web\/index.php\/wp-json\/wp\/v2\/categories?post=18194"},{"taxonomy":"post_tag","embeddable":true,"href":"https:\/\/diariorepublica.com.ar\/web\/index.php\/wp-json\/wp\/v2\/tags?post=18194"}],"curies":[{"name":"wp","href":"https:\/\/api.w.org\/{rel}","templated":true}]}}