{"id":18197,"date":"2024-09-10T00:01:00","date_gmt":"2024-09-10T03:01:00","guid":{"rendered":"https:\/\/diariorepublica.com.ar\/web\/?p=18197"},"modified":"2024-09-10T07:39:33","modified_gmt":"2024-09-10T10:39:33","slug":"kate-middleton-finalizo-su-tratamiento-de-quimioterapia-contra-el-cancer-los-ultimos-nueves-meses-han-sido-increiblemente-duros","status":"publish","type":"post","link":"https:\/\/diariorepublica.com.ar\/web\/index.php\/internacionales\/2024\/09\/10\/kate-middleton-finalizo-su-tratamiento-de-quimioterapia-contra-el-cancer-los-ultimos-nueves-meses-han-sido-increiblemente-duros\/","title":{"rendered":"Kate Middleton finaliz\u00f3 su tratamiento de quimioterapia contra el c\u00e1ncer: \u00abLos \u00faltimos nueves meses han sido incre\u00edblemente duros\u00bb"},"content":{"rendered":"<p>La princesa de Gales,\u00a0<strong>Kate Middleton,<\/strong>\u00a0anunci\u00f3 que\u00a0<strong>finaliz\u00f3 su tratamiento de quimioterapia tras nueve meses.<\/strong><\/p>\n<p>Adem\u00e1s, la esposa del pr\u00edncipe Guillermo tiene previsto\u00a0<strong>retomar los compromisos p\u00fablicos, aunque lo har\u00e1 de forma limitada<\/strong>\u00a0durante los pr\u00f3ximos meses.<\/p>\n<p><strong>Middleton, de 42 a\u00f1os, se someti\u00f3 en enero a una operaci\u00f3n abdominal en la que se le descubri\u00f3 un c\u00e1ncer<\/strong>\u00a0-del que no trascendieron detalles- y tras ello comenz\u00f3 un tratamiento que finaliz\u00f3\u00a0en\u00a0estas semanas.<\/p>\n<p>\u00abA medida que el verano (europeo) llega a su fin,\u00a0<strong>no puedo expresar el alivio que supone haber completado por fin mi tratamiento de quimioterapia\u00bb,<\/strong>\u00a0asegur\u00f3 la princesa de Gales.<\/p>\n<p><strong>\u00abLos \u00faltimos nueve meses han sido incre\u00edblemente duros para nosotros como familia.<\/strong>\u00a0La vida tal y como la conoces puede cambiar\u00a0en un instante y hemos tenido que encontrar la manera de navegar\u00a0por las aguas tormentosas y el camino desconocido\u00bb, expres\u00f3\u00a0Middleton.<\/p>\n<p>En un video difundido junto al\u00a0pr\u00edncipe heredero al trono y sus tres hijos, sostuvo que \u00ab<strong>la\u00a0experiencia del c\u00e1ncer es compleja, aterradora e impredecible para\u00a0todos, especialmente para aquellos m\u00e1s cercanos\u00bb.<\/strong><\/p>\n<p><strong>\u00abMi objetivo ahora es hacer lo que pueda para mantenerme libre\u00a0de c\u00e1ncer. Aunque he terminado la quimioterapia, mi camino hacia\u00a0la curaci\u00f3n y la recuperaci\u00f3n total es largo\u00a0<\/strong>y debo seguir\u00a0viviendo cada d\u00eda como viene\u00bb, subray\u00f3 la integrante de la familia\u00a0real brit\u00e1nica, y complet\u00f3: \u00abSin embargo, espero volver a trabajar\u00a0y asumir algunos compromisos p\u00fablicos m\u00e1s en los pr\u00f3ximos meses\u00a0cuando pueda\u00bb.<\/p>\n<p>En tanto, agradeci\u00f3 \u00abla amabilidad, la empat\u00eda y la compasi\u00f3n\u00a0de todos han sido verdaderamente conmovedoras\u00bb.<\/p>\n<p>Middleton, uno de los miembros m\u00e1s queridos de la familia real\u00a0brit\u00e1nica,<strong>\u00a0anunci\u00f3 que padec\u00eda c\u00e1ncer el 22 de marzo pasado, luego\u00a0de dos meses de ausencia p\u00fablica y de infinitas especulaciones\u00a0sobre su salud.<\/strong><\/p>\n<p>Fuente: NA.<\/p>\n","protected":false},"excerpt":{"rendered":"<p>La princesa de Gales,\u00a0Kate Middleton,\u00a0anunci\u00f3 que\u00a0finaliz\u00f3 su tratamiento de quimioterapia tras nueve meses. Adem\u00e1s, la esposa del pr\u00edncipe Guillermo tiene<\/p>\n","protected":false},"author":1,"featured_media":18198,"comment_status":"closed","ping_status":"closed","sticky":false,"template":"","format":"standard","meta":{"footnotes":"","jetpack_publicize_message":"","jetpack_publicize_feature_enabled":true,"jetpack_social_post_already_shared":true,"jetpack_social_options":{"image_generator_settings":{"template":"highway","enabled":false},"version":2}},"categories":[6],"tags":[],"class_list":["post-18197","post","type-post","status-publish","format-standard","has-post-thumbnail","hentry","category-internacionales"],"jetpack_publicize_connections":[],"_links":{"self":[{"href":"https:\/\/diariorepublica.com.ar\/web\/index.php\/wp-json\/wp\/v2\/posts\/18197"}],"collection":[{"href":"https:\/\/diariorepublica.com.ar\/web\/index.php\/wp-json\/wp\/v2\/posts"}],"about":[{"href":"https:\/\/diariorepublica.com.ar\/web\/index.php\/wp-json\/wp\/v2\/types\/post"}],"author":[{"embeddable":true,"href":"https:\/\/diariorepublica.com.ar\/web\/index.php\/wp-json\/wp\/v2\/users\/1"}],"replies":[{"embeddable":true,"href":"https:\/\/diariorepublica.com.ar\/web\/index.php\/wp-json\/wp\/v2\/comments?post=18197"}],"version-history":[{"count":1,"href":"https:\/\/diariorepublica.com.ar\/web\/index.php\/wp-json\/wp\/v2\/posts\/18197\/revisions"}],"predecessor-version":[{"id":18199,"href":"https:\/\/diariorepublica.com.ar\/web\/index.php\/wp-json\/wp\/v2\/posts\/18197\/revisions\/18199"}],"wp:featuredmedia":[{"embeddable":true,"href":"https:\/\/diariorepublica.com.ar\/web\/index.php\/wp-json\/wp\/v2\/media\/18198"}],"wp:attachment":[{"href":"https:\/\/diariorepublica.com.ar\/web\/index.php\/wp-json\/wp\/v2\/media?parent=18197"}],"wp:term":[{"taxonomy":"category","embeddable":true,"href":"https:\/\/diariorepublica.com.ar\/web\/index.php\/wp-json\/wp\/v2\/categories?post=18197"},{"taxonomy":"post_tag","embeddable":true,"href":"https:\/\/diariorepublica.com.ar\/web\/index.php\/wp-json\/wp\/v2\/tags?post=18197"}],"curies":[{"name":"wp","href":"https:\/\/api.w.org\/{rel}","templated":true}]}}