{"id":18218,"date":"2024-09-10T15:16:00","date_gmt":"2024-09-10T18:16:00","guid":{"rendered":"https:\/\/diariorepublica.com.ar\/web\/?p=18218"},"modified":"2024-09-10T12:17:42","modified_gmt":"2024-09-10T15:17:42","slug":"programa-catamarca-incluye-incremento-a-350-000-y-se-cobrara-en-la-semana-del-one-shot-plus","status":"publish","type":"post","link":"https:\/\/diariorepublica.com.ar\/web\/index.php\/sociedad\/2024\/09\/10\/programa-catamarca-incluye-incremento-a-350-000-y-se-cobrara-en-la-semana-del-one-shot-plus\/","title":{"rendered":"Programa Catamarca Incluye: incremento a $350.000 y se cobrar\u00e1 en la semana del One Shot Plus"},"content":{"rendered":"<p>El gobernador Ra\u00fal confirm\u00f3 este martes un nuevo incremento para todos los beneficiarios de los programas \u201cCatamarca Incluye\u201d y \u201cPlan Arraigo para pueblos Originarios\u201d.<\/p>\n<p>El monto del beneficio pasar\u00e1 de $300.000 a $350.000, lo que representa un aumento de casi el 17%.<\/p>\n<p>Otra novedad que inform\u00f3 el Ejecutivo es que los pagos de dichos programas se adelantar\u00e1n a la \u00faltima semana de cada mes, con el objetivo de que puedan aprovechar la promoci\u00f3n del One Shot Plus. El incremento anunciado se ver\u00e1 reflejado en el pago de fines de septiembre.<\/p>\n<p>Es menester recordar que, en 2022, el Gobierno provincial cre\u00f3 el programa de Promoci\u00f3n de Empleo Privado que busca insertar a los usuarios de programas provinciales en el empleo privado registrado generando puestos de trabajo genuino. En este marco, se debe mencionar que todos los beneficiarios pueden optar por pasar al empleo privado manteniendo los beneficios.<\/p>\n<p>A trav\u00e9s de Ministerio de Trabajo, Planificaci\u00f3n y Recursos Humanos, la Provincia lleva adelante un plan de capacitaciones permanentes en oficios, herramientas inform\u00e1ticas, ingl\u00e9s y otras habilidades que hoy requiere el mundo del trabajo.<\/p>\n","protected":false},"excerpt":{"rendered":"<p>El gobernador Ra\u00fal confirm\u00f3 este martes un nuevo incremento para todos los beneficiarios de los programas \u201cCatamarca Incluye\u201d y \u201cPlan<\/p>\n","protected":false},"author":1,"featured_media":18219,"comment_status":"closed","ping_status":"closed","sticky":false,"template":"","format":"standard","meta":{"footnotes":"","jetpack_publicize_message":"","jetpack_publicize_feature_enabled":true,"jetpack_social_post_already_shared":true,"jetpack_social_options":{"image_generator_settings":{"template":"highway","enabled":false},"version":2}},"categories":[3],"tags":[],"class_list":["post-18218","post","type-post","status-publish","format-standard","has-post-thumbnail","hentry","category-sociedad"],"jetpack_publicize_connections":[],"_links":{"self":[{"href":"https:\/\/diariorepublica.com.ar\/web\/index.php\/wp-json\/wp\/v2\/posts\/18218"}],"collection":[{"href":"https:\/\/diariorepublica.com.ar\/web\/index.php\/wp-json\/wp\/v2\/posts"}],"about":[{"href":"https:\/\/diariorepublica.com.ar\/web\/index.php\/wp-json\/wp\/v2\/types\/post"}],"author":[{"embeddable":true,"href":"https:\/\/diariorepublica.com.ar\/web\/index.php\/wp-json\/wp\/v2\/users\/1"}],"replies":[{"embeddable":true,"href":"https:\/\/diariorepublica.com.ar\/web\/index.php\/wp-json\/wp\/v2\/comments?post=18218"}],"version-history":[{"count":1,"href":"https:\/\/diariorepublica.com.ar\/web\/index.php\/wp-json\/wp\/v2\/posts\/18218\/revisions"}],"predecessor-version":[{"id":18220,"href":"https:\/\/diariorepublica.com.ar\/web\/index.php\/wp-json\/wp\/v2\/posts\/18218\/revisions\/18220"}],"wp:featuredmedia":[{"embeddable":true,"href":"https:\/\/diariorepublica.com.ar\/web\/index.php\/wp-json\/wp\/v2\/media\/18219"}],"wp:attachment":[{"href":"https:\/\/diariorepublica.com.ar\/web\/index.php\/wp-json\/wp\/v2\/media?parent=18218"}],"wp:term":[{"taxonomy":"category","embeddable":true,"href":"https:\/\/diariorepublica.com.ar\/web\/index.php\/wp-json\/wp\/v2\/categories?post=18218"},{"taxonomy":"post_tag","embeddable":true,"href":"https:\/\/diariorepublica.com.ar\/web\/index.php\/wp-json\/wp\/v2\/tags?post=18218"}],"curies":[{"name":"wp","href":"https:\/\/api.w.org\/{rel}","templated":true}]}}