{"id":18230,"date":"2024-09-11T06:35:00","date_gmt":"2024-09-11T09:35:00","guid":{"rendered":"https:\/\/diariorepublica.com.ar\/web\/?p=18230"},"modified":"2024-09-11T07:38:04","modified_gmt":"2024-09-11T10:38:04","slug":"tarifas-de-servicios-los-municipios-ya-no-podran-incluir-impuestos-y-tasas-en-las-facturas","status":"publish","type":"post","link":"https:\/\/diariorepublica.com.ar\/web\/index.php\/economia\/2024\/09\/11\/tarifas-de-servicios-los-municipios-ya-no-podran-incluir-impuestos-y-tasas-en-las-facturas\/","title":{"rendered":"Tarifas de servicios: los municipios ya no podr\u00e1n incluir impuestos y tasas en las facturas"},"content":{"rendered":"<article class=\"article-body article-body--first-paragraph content-protected-false\" data-td-script-src=\"https:\/\/www.ambito.com\/td\/modulos\/encuestas\/js\/function-embeds-min-version-1725941259.js\">El ministro de Econom\u00eda,\u00a0<strong>Luis Caputo<\/strong>, anunci\u00f3 este martes que los\u00a0<strong>municipios tendr\u00e1n prohibido incluir impuestos en la facuturaci\u00f3n de servicios esenciales como luz y gas<\/strong>. La decisi\u00f3n se concretar\u00e1 a trav\u00e9s de una resoluci\u00f3n de la Secretar\u00eda de Industria y Comercio que se publicar\u00e1 ma\u00f1ana en el Bolet\u00edn Oficial.<\/p>\n<\/article>\n<article class=\"article-body article-body--second-paragraph content-protected-false\">\u00ab<strong>Ante reiteradas denuncias p\u00fablicas sobre municipios que incluyen tasas locales en la facturaci\u00f3n de servicios esenciales tales como la luz y el gas,<\/strong>\u00a0la Secretar\u00eda de Industria y Comercio del Ministerio de Econom\u00eda dispuso, a trav\u00e9s de la Resoluci\u00f3n 2024-267 que saldr\u00e1 ma\u00f1ana en el Bolet\u00edn Oficial\u00bb, public\u00f3 el ministro Caputo en su cuenta de X.<\/p>\n<article class=\"article-body article-body--third-paragraph content-protected-false\">Seg\u00fan explic\u00f3, las facturas de servicios esenciales<strong>\u00a0solo deber\u00e1n contener de forma \u00fanica y exclusiva la descripci\u00f3n y el precio correspondiente al servicio contratado por el consumidor<\/strong>, \u00abquedando prohibido incluir cargos ajenos a la naturaleza del servicio\u00bb.<\/p>\n<\/article>\n<article class=\"article-body article-body--fourth-paragraph content-protected-false\">\n<div id=\"embed4982_wrap\" class=\"embed_cont type_freetext\" contenteditable=\"false\" data-provider=\"Twitter\">\n<div id=\"embed4982_content\" class=\"embed_content\">\n<div id=\"embed4982_embed\">\n<div class=\"twitter-tweet twitter-tweet-rendered\"><iframe id=\"twitter-widget-0\" class=\"\" title=\"X Post\" src=\"https:\/\/platform.twitter.com\/embed\/Tweet.html?creatorScreenName=Ambitocom&amp;dnt=false&amp;embedId=twitter-widget-0&amp;features=eyJ0ZndfdGltZWxpbmVfbGlzdCI6eyJidWNrZXQiOltdLCJ2ZXJzaW9uIjpudWxsfSwidGZ3X2ZvbGxvd2VyX2NvdW50X3N1bnNldCI6eyJidWNrZXQiOnRydWUsInZlcnNpb24iOm51bGx9LCJ0ZndfdHdlZXRfZWRpdF9iYWNrZW5kIjp7ImJ1Y2tldCI6Im9uIiwidmVyc2lvbiI6bnVsbH0sInRmd19yZWZzcmNfc2Vzc2lvbiI6eyJidWNrZXQiOiJvbiIsInZlcnNpb24iOm51bGx9LCJ0ZndfZm9zbnJfc29mdF9pbnRlcnZlbnRpb25zX2VuYWJsZWQiOnsiYnVja2V0Ijoib24iLCJ2ZXJzaW9uIjpudWxsfSwidGZ3X21peGVkX21lZGlhXzE1ODk3Ijp7ImJ1Y2tldCI6InRyZWF0bWVudCIsInZlcnNpb24iOm51bGx9LCJ0ZndfZXhwZXJpbWVudHNfY29va2llX2V4cGlyYXRpb24iOnsiYnVja2V0IjoxMjA5NjAwLCJ2ZXJzaW9uIjpudWxsfSwidGZ3X3Nob3dfYmlyZHdhdGNoX3Bpdm90c19lbmFibGVkIjp7ImJ1Y2tldCI6Im9uIiwidmVyc2lvbiI6bnVsbH0sInRmd19kdXBsaWNhdGVfc2NyaWJlc190b19zZXR0aW5ncyI6eyJidWNrZXQiOiJvbiIsInZlcnNpb24iOm51bGx9LCJ0ZndfdXNlX3Byb2ZpbGVfaW1hZ2Vfc2hhcGVfZW5hYmxlZCI6eyJidWNrZXQiOiJvbiIsInZlcnNpb24iOm51bGx9LCJ0ZndfdmlkZW9faGxzX2R5bmFtaWNfbWFuaWZlc3RzXzE1MDgyIjp7ImJ1Y2tldCI6InRydWVfYml0cmF0ZSIsInZlcnNpb24iOm51bGx9LCJ0ZndfbGVnYWN5X3RpbWVsaW5lX3N1bnNldCI6eyJidWNrZXQiOnRydWUsInZlcnNpb24iOm51bGx9LCJ0ZndfdHdlZXRfZWRpdF9mcm9udGVuZCI6eyJidWNrZXQiOiJvbiIsInZlcnNpb24iOm51bGx9fQ%3D%3D&amp;frame=false&amp;hideCard=false&amp;hideThread=false&amp;id=1833620702370644007&amp;lang=es&amp;origin=https%3A%2F%2Fwww.ambito.com%2Feconomia%2Ftarifas-servicios-los-municipios-ya-no-podran-incluir-impuestos-y-tasas-las-facturas-n6058320&amp;sessionId=0b90d84cd997be8822434f36a7f4dbd274913276&amp;siteScreenName=Ambitocom&amp;theme=light&amp;widgetsVersion=2615f7e52b7e0%3A1702314776716&amp;width=550px\" frameborder=\"0\" scrolling=\"no\" allowfullscreen=\"allowfullscreen\" data-tweet-id=\"1833620702370644007\" data-mce-fragment=\"1\"><\/iframe><\/div>\n<\/div>\n<\/div>\n<\/div>\n<p>El ministro de Desregulaci\u00f3n y Transformaci\u00f3n del Estado,<strong>\u00a0Federico Sturzenegger<\/strong>, sali\u00f3 a respaldar la medida. En su cuenta de X sostuvo que \u00ab<strong>el gasto p\u00fablico provincial y municipal creci\u00f3 tanto en los \u00faltimos a\u00f1os porque sus impuestos y tasas se ocultaron en facturas o como un impuesto m\u00e1s<\/strong>. La transparencia fiscal ayudar\u00e1 a generar mayor conciencia fiscal y a bajar el gasto\u00bb.<\/p>\n<\/article>\n<article class=\"article-body article-body--remaining-paragraph content-protected-false\">\n<h6>Los impuestos representan hasta el 49% del precio de un producto de primera necesidad<\/h6>\n<p><strong>De cada $100 de un producto de primera necesidad, hasta el $49,1 puede deberse a\u00a0impuestos,\u00a0<\/strong>seg\u00fan un informe de la\u00a0<strong>C\u00e1mara Argentina de Distribuidores y Autoservicios Mayoristas (CADAM)<\/strong>. Piden \u00ab<strong>quitar presi\u00f3n impositiva\u00a0<\/strong>y aportes obligatorios que no son esenciales, para bajar los costos laborales\u00bb.<\/p>\n<p>La\u00a0<strong>CADAM\u00a0<\/strong>realiz\u00f3 un\u00a0<strong>estudio\u00a0<\/strong>sobre la\u00a0<strong>carga impositiva\u00a0<\/strong>en la\u00a0<strong>cadena<\/strong>\u00a0<strong>de comercializaci\u00f3n de productos de primera necesidad<\/strong>. Dependiendo el municipio, el total de impuestos nacionales, provinciales y municipales\u00a0<strong>var\u00eda entre 38,1% hasta el 49,1%<\/strong>. \u201c<strong>S\u00f3lo nos queda entre un 3 y un 5% de ganancia<\/strong>\u201d, se quejaron los mayoristas.<\/p>\n<p>En esta l\u00ednea,\u00a0<strong>desde CADAM pidieron a los municipios que \u00abden marcha atr\u00e1s con los aumentos,<\/strong>\u00a0encima lo hicieron a mediados del ejercicio fiscal, lo cual complica la proyecci\u00f3n de esta carga que ya hab\u00edan calculado las empresas\u201d. Tambi\u00e9n solicitaron que las intendencias y gobiernos provinciales se adhieran al nuevo R\u00e9gimen de Transparencia Fiscal al Consumidor.<\/p>\n<p>La intendenta de Quilmes,\u00a0<strong>Mayra Mendoza,<\/strong>\u00a0cuestion\u00f3 la medida anunciada por\u00a0<strong>Caputo<\/strong>\u00a0y afirm\u00f3 que buscan \u00abahogar a los municipios\u00bb. \u00abEl gobierno de Javier\u00a0<strong>Milei tiene decidido ahogar a los municipios<\/strong>. \u00a1No lo van a lograr!\u00bb, denunci\u00f3.<\/p>\n<p>Mendoza asegur\u00f3 que la decisi\u00f3n anunciada por\u00a0<strong>Luis Caputo \u00abno perjudica a los intendentes\u00bb<\/strong>\u00a0sino que, por el contrario,\u00a0<strong>afectar\u00e1 \u00aba los vecinos y vecinas de cada distrito\u00bb.<\/strong><\/p>\n<p>La intendenta apunt\u00f3 contra el aumento de las tarifas: \u00ab<strong>Lo que est\u00e1n viendo todas las familias argentinas es un tarifazo insensible e impagable de hasta 300%<\/strong>, y que en algunos casos los valores ya superan una jubilaci\u00f3n m\u00ednima a la que, como si fuera poco, buscan vetarle un aumento. Esto es lo que quieren tapar atacando a los municipios\u00bb.<\/p>\n<p>ambito.com<\/p>\n<\/article>\n<\/article>\n","protected":false},"excerpt":{"rendered":"<p>El ministro de Econom\u00eda,\u00a0Luis Caputo, anunci\u00f3 este martes que los\u00a0municipios tendr\u00e1n prohibido incluir impuestos en la facuturaci\u00f3n de servicios esenciales<\/p>\n","protected":false},"author":1,"featured_media":18095,"comment_status":"closed","ping_status":"closed","sticky":false,"template":"","format":"standard","meta":{"footnotes":"","jetpack_publicize_message":"","jetpack_publicize_feature_enabled":true,"jetpack_social_post_already_shared":true,"jetpack_social_options":{"image_generator_settings":{"template":"highway","enabled":false},"version":2}},"categories":[5],"tags":[],"class_list":["post-18230","post","type-post","status-publish","format-standard","has-post-thumbnail","hentry","category-economia"],"jetpack_publicize_connections":[],"_links":{"self":[{"href":"https:\/\/diariorepublica.com.ar\/web\/index.php\/wp-json\/wp\/v2\/posts\/18230"}],"collection":[{"href":"https:\/\/diariorepublica.com.ar\/web\/index.php\/wp-json\/wp\/v2\/posts"}],"about":[{"href":"https:\/\/diariorepublica.com.ar\/web\/index.php\/wp-json\/wp\/v2\/types\/post"}],"author":[{"embeddable":true,"href":"https:\/\/diariorepublica.com.ar\/web\/index.php\/wp-json\/wp\/v2\/users\/1"}],"replies":[{"embeddable":true,"href":"https:\/\/diariorepublica.com.ar\/web\/index.php\/wp-json\/wp\/v2\/comments?post=18230"}],"version-history":[{"count":1,"href":"https:\/\/diariorepublica.com.ar\/web\/index.php\/wp-json\/wp\/v2\/posts\/18230\/revisions"}],"predecessor-version":[{"id":18231,"href":"https:\/\/diariorepublica.com.ar\/web\/index.php\/wp-json\/wp\/v2\/posts\/18230\/revisions\/18231"}],"wp:featuredmedia":[{"embeddable":true,"href":"https:\/\/diariorepublica.com.ar\/web\/index.php\/wp-json\/wp\/v2\/media\/18095"}],"wp:attachment":[{"href":"https:\/\/diariorepublica.com.ar\/web\/index.php\/wp-json\/wp\/v2\/media?parent=18230"}],"wp:term":[{"taxonomy":"category","embeddable":true,"href":"https:\/\/diariorepublica.com.ar\/web\/index.php\/wp-json\/wp\/v2\/categories?post=18230"},{"taxonomy":"post_tag","embeddable":true,"href":"https:\/\/diariorepublica.com.ar\/web\/index.php\/wp-json\/wp\/v2\/tags?post=18230"}],"curies":[{"name":"wp","href":"https:\/\/api.w.org\/{rel}","templated":true}]}}