{"id":18235,"date":"2024-09-11T08:40:00","date_gmt":"2024-09-11T11:40:00","guid":{"rendered":"https:\/\/diariorepublica.com.ar\/web\/?p=18235"},"modified":"2024-09-11T07:43:32","modified_gmt":"2024-09-11T10:43:32","slug":"eliminatorias-rumbo-al-mundial-2026-asi-quedo-la-tabla-tras-las-derrotas-de-argentina-y-brasil","status":"publish","type":"post","link":"https:\/\/diariorepublica.com.ar\/web\/index.php\/deportes\/2024\/09\/11\/eliminatorias-rumbo-al-mundial-2026-asi-quedo-la-tabla-tras-las-derrotas-de-argentina-y-brasil\/","title":{"rendered":"Eliminatorias rumbo al Mundial 2026:\u00a0as\u00ed qued\u00f3 la tabla tras las derrotas de Argentina y Brasil"},"content":{"rendered":"<p>La Selecci\u00f3n Argentina perdi\u00f3 2 a 1 ante Colombia, en el partido correspondiente a la octava fecha de las Eliminatorias rumbo al Mundial 2026. A pesar de ello, conserva la primera posici\u00f3n del grupo, aunque con menor diferencia de puntos de sus perseguidores. Brasil cay\u00f3 1 a 0 contra Paraguay.<\/p>\n<p>La &#8216;Albiceleste&#8217; sigue en la primera posici\u00f3n con 18 puntos, resultado de seis victorias y dos derrotas, y qued\u00f3 con ocho goles de diferencia a favor. En segundo lugar se ubic\u00f3 Colombia, que lleg\u00f3 a las 16 unidades y se mantiene como \u00fanica selecci\u00f3n invicta (4G y 4E), y en el tercer puesto est\u00e1 Uruguay, con 15.<\/p>\n<p>A pesar de haber dejado tres puntos en el camino, el combinado nacional sigue en buena posici\u00f3n de cara a la clasificaci\u00f3n al Mundial ya que, como se disputar\u00e1 con\u00a0<strong>48 selecciones<\/strong>, CONMEBOL otorga\u00a0<strong>seis plazas directas<\/strong>\u00a0y un\u00a0<strong>repechaje<\/strong>.<\/p>\n<p>Teniendo en cuenta esto, la selecci\u00f3n campeona del mundo est\u00e1\u00a0<strong>ocho puntos por encima de Venezuela<\/strong>, que ocupa el \u00faltimo cupo de clasificaci\u00f3n directa, y nueve unidades por encima de\u00a0<strong>Bolivia<\/strong>, que actualmente est\u00e1 en el puesto de repechaje.<\/p>\n<p>En la pr\u00f3xima fecha\u00a0<strong>FIFA<\/strong>, a disputarse en\u00a0<strong>octubre<\/strong>, la &#8216;<em>Scaloneta<\/em>&#8216; visitar\u00e1 a\u00a0<strong>Venezuela<\/strong>, dirigida por el entrenador argentino\u00a0<strong>Fernando &#8216;Bocha&#8217; Batista<\/strong>, el jueves 10 a las 20 (hora argentina), en el estadio\u00a0<strong>Monumental de Matur\u00edn<\/strong>, y jugar\u00e1 como local frente a\u00a0<strong>Bolivia<\/strong>, el martes 15 a las 21.<\/p>\n<p>Para esta pr\u00f3xima fecha FIFA, que se dar\u00e1 dentro de un mes,\u00a0<strong>Lionel Scaloni<\/strong>\u00a0ya podr\u00eda contar con su estrella,\u00a0<strong>Lionel Messi<\/strong>, quien contrajo una lesi\u00f3n en el tobillo en la pasada final de la\u00a0<strong>Copa Am\u00e9rica 2024<\/strong>, y desde entonces todav\u00eda no sum\u00f3 minutos de manera oficial.<\/p>\n<p><iframe loading=\"lazy\" class=\" border-0\" src=\"https:\/\/perfil.datafactory.la\/html\/v3\/minapp\/page\/page.html?channel=deportes.futbol.eliminatorias&amp;lang=es_LA&amp;page=posiciones\" width=\"100%\" height=\"700\" scrolling=\"auto\" data-gtm-yt-inspected-93850210_50=\"true\" data-gtm-yt-inspected-93850210_102=\"true\" data-gtm-yt-inspected-17=\"true\" data-gtm-yt-inspected-22=\"true\"><\/iframe><\/p>\n<p>26noticias.com.ar<\/p>\n","protected":false},"excerpt":{"rendered":"<p>La Selecci\u00f3n Argentina perdi\u00f3 2 a 1 ante Colombia, en el partido correspondiente a la octava fecha de las Eliminatorias<\/p>\n","protected":false},"author":1,"featured_media":18236,"comment_status":"closed","ping_status":"closed","sticky":false,"template":"","format":"standard","meta":{"footnotes":"","jetpack_publicize_message":"","jetpack_publicize_feature_enabled":true,"jetpack_social_post_already_shared":true,"jetpack_social_options":{"image_generator_settings":{"template":"highway","enabled":false},"version":2}},"categories":[9],"tags":[],"class_list":["post-18235","post","type-post","status-publish","format-standard","has-post-thumbnail","hentry","category-deportes"],"jetpack_publicize_connections":[],"_links":{"self":[{"href":"https:\/\/diariorepublica.com.ar\/web\/index.php\/wp-json\/wp\/v2\/posts\/18235"}],"collection":[{"href":"https:\/\/diariorepublica.com.ar\/web\/index.php\/wp-json\/wp\/v2\/posts"}],"about":[{"href":"https:\/\/diariorepublica.com.ar\/web\/index.php\/wp-json\/wp\/v2\/types\/post"}],"author":[{"embeddable":true,"href":"https:\/\/diariorepublica.com.ar\/web\/index.php\/wp-json\/wp\/v2\/users\/1"}],"replies":[{"embeddable":true,"href":"https:\/\/diariorepublica.com.ar\/web\/index.php\/wp-json\/wp\/v2\/comments?post=18235"}],"version-history":[{"count":1,"href":"https:\/\/diariorepublica.com.ar\/web\/index.php\/wp-json\/wp\/v2\/posts\/18235\/revisions"}],"predecessor-version":[{"id":18237,"href":"https:\/\/diariorepublica.com.ar\/web\/index.php\/wp-json\/wp\/v2\/posts\/18235\/revisions\/18237"}],"wp:featuredmedia":[{"embeddable":true,"href":"https:\/\/diariorepublica.com.ar\/web\/index.php\/wp-json\/wp\/v2\/media\/18236"}],"wp:attachment":[{"href":"https:\/\/diariorepublica.com.ar\/web\/index.php\/wp-json\/wp\/v2\/media?parent=18235"}],"wp:term":[{"taxonomy":"category","embeddable":true,"href":"https:\/\/diariorepublica.com.ar\/web\/index.php\/wp-json\/wp\/v2\/categories?post=18235"},{"taxonomy":"post_tag","embeddable":true,"href":"https:\/\/diariorepublica.com.ar\/web\/index.php\/wp-json\/wp\/v2\/tags?post=18235"}],"curies":[{"name":"wp","href":"https:\/\/api.w.org\/{rel}","templated":true}]}}