{"id":18241,"date":"2024-09-11T00:45:00","date_gmt":"2024-09-11T03:45:00","guid":{"rendered":"https:\/\/diariorepublica.com.ar\/web\/?p=18241"},"modified":"2024-09-11T07:45:59","modified_gmt":"2024-09-11T10:45:59","slug":"paraguay-le-gano-a-brasil-y-se-metio-en-la-pelea","status":"publish","type":"post","link":"https:\/\/diariorepublica.com.ar\/web\/index.php\/deportes\/2024\/09\/11\/paraguay-le-gano-a-brasil-y-se-metio-en-la-pelea\/","title":{"rendered":"Paraguay le gan\u00f3 a Brasil y se meti\u00f3 en la pelea"},"content":{"rendered":"<article id=\"article-post\" class=\"first\">\n<div class=\"cuerpo\" data-twitter-link=\"https:\/\/twitter.com\/intent\/tweet?url=https:\/\/www.diariopopular.com.ar\/c805265&amp;via=poopulardiario&amp;related=Popular&amp;text=\">\n<p><strong>La selecci\u00f3n de Paraguay, dirigida por el argentino Gustavo Alfaro, dio la sorpresa al derrotar como local por 1 a 0 a un flojo Brasil, en un partido disputado en el estadio Defensores del Chaco de Asunci\u00f3n y que marc\u00f3 el cierre de la octava fecha de las Eliminatorias Sudamericanas clasificatorias al Mundial de 2026.<\/strong><\/p>\n<\/div>\n<\/article>\n<article id=\"article-post\">\n<div class=\"cuerpo\" data-twitter-link=\"https:\/\/twitter.com\/intent\/tweet?url=https:\/\/www.diariopopular.com.ar\/c805265&amp;via=poopulardiario&amp;related=Popular&amp;text=\">\n<p class=\"wire-detail\" data-form=\"\">El elenco\u00a0<em>guaran\u00ed<\/em>\u00a0se impuso con un gol marcado por el mediocampista Diego G\u00f3mez, a los 20 minutos del primer tiempo.<\/p>\n<p class=\"wire-detail\" data-form=\"\">De esta manera, Paraguay (-1) qued\u00f3 s\u00e9ptimo junto a Bolivia (-5), con 9 puntos, pero con una mejor diferencia de gol y por ahora ir\u00eda al Repechaje, mientras que Brasil suma una unidad m\u00e1s y baj\u00f3 al quinto puesto, el cual comparte con Venezuela, pero tiene mejor diferencia (1 contra -1).<\/p>\n<div id=\"embed35_wrap\" class=\"embed_cont type_freetext\" contenteditable=\"false\">\n<div id=\"embed35_content\" class=\"embed_content\">\n<div id=\"embed35_embed\">\n<div class=\"video_container\"><iframe loading=\"lazy\" class=\"video_iframe\" src=\"https:\/\/www.youtube.com\/embed\/7kqu3bihpC0\" width=\"100%\" height=\"360\" frameborder=\"0\" scrolling=\"no\" data-gtm-yt-inspected-12=\"true\" data-mce-fragment=\"1\"><\/iframe><\/div>\n<\/div>\n<\/div>\n<div id=\"embed35_epigrafe\" class=\"embed_epigrafe\"><\/div>\n<div id=\"embed35_copyright\" class=\"embed_copyright\"><\/div>\n<\/div>\n<p class=\"wire-detail\" data-form=\"\">El \u00fanico gol del partido lleg\u00f3 a los 20 minutos del primer tiempo, y fue convertido por G\u00f3mez, quien es compa\u00f1ero de Lionel Messi en el Inter Miami, quien aprovech\u00f3 el rechazo defensivo de un centro, control\u00f3 la pelota en el borde del \u00e1rea, enganch\u00f3 y sac\u00f3 un remate cruzado que peg\u00f3 en el palo y entr\u00f3.<\/p>\n<p class=\"wire-detail\" data-form=\"\">Algunos minutos despu\u00e9s lleg\u00f3 la jugada m\u00e1s clara de Brasil, cuando el extremo Vinicius J\u00fanior desbord\u00f3 por la izquierda y jug\u00f3 un pase atr\u00e1s para el defensor Guilherme Arana, quien remataba al gol, pero la pelota fue despejada en la l\u00ednea por el central Junior Alonso.<\/p>\n<p class=\"wire-detail\" data-form=\"\">El segundo tiempo se caracteriz\u00f3 por los pelotazos largos de defensores y volantes paraguayos a sus delanteros, que sol\u00edan quedar libres a la espalda de la defensa brasile\u00f1a. Adem\u00e1s, el equipo visitante tuvo una nueva jugada de peligro en los pies de Vinicius J\u00fanior, con un remate de larga distancia que fue desviado al c\u00f3rner por el arquero Roberto Fern\u00e1ndez.<\/p>\n<p class=\"wire-detail\" data-form=\"\">En la novena jornada, Brasil visitar\u00e1 el 10 de octubre a Chile a partir de las 21:00, mientras que Paraguay ser\u00e1 hu\u00e9sped de Ecuador, seguramente en la altura de Quito, a las 18:00.<\/p>\n<p class=\"wire-detail\" data-form=\"\">Ya por la d\u00e9cima fecha, el conjunto\u00a0<em>verdeamarelo<\/em>\u00a0recibir\u00e1 el 15 del mismo mes a las 21:45 a Per\u00fa, en tanto, el equipo de Alfaro ser\u00e1 local frente a Venezuela, ese d\u00eda a las 20:00.<\/p>\n<\/div>\n<\/article>\n","protected":false},"excerpt":{"rendered":"<p>La selecci\u00f3n de Paraguay, dirigida por el argentino Gustavo Alfaro, dio la sorpresa al derrotar como local por 1 a<\/p>\n","protected":false},"author":1,"featured_media":18242,"comment_status":"closed","ping_status":"closed","sticky":false,"template":"","format":"standard","meta":{"footnotes":"","jetpack_publicize_message":"","jetpack_publicize_feature_enabled":true,"jetpack_social_post_already_shared":true,"jetpack_social_options":{"image_generator_settings":{"template":"highway","enabled":false},"version":2}},"categories":[9],"tags":[],"class_list":["post-18241","post","type-post","status-publish","format-standard","has-post-thumbnail","hentry","category-deportes"],"jetpack_publicize_connections":[],"_links":{"self":[{"href":"https:\/\/diariorepublica.com.ar\/web\/index.php\/wp-json\/wp\/v2\/posts\/18241"}],"collection":[{"href":"https:\/\/diariorepublica.com.ar\/web\/index.php\/wp-json\/wp\/v2\/posts"}],"about":[{"href":"https:\/\/diariorepublica.com.ar\/web\/index.php\/wp-json\/wp\/v2\/types\/post"}],"author":[{"embeddable":true,"href":"https:\/\/diariorepublica.com.ar\/web\/index.php\/wp-json\/wp\/v2\/users\/1"}],"replies":[{"embeddable":true,"href":"https:\/\/diariorepublica.com.ar\/web\/index.php\/wp-json\/wp\/v2\/comments?post=18241"}],"version-history":[{"count":1,"href":"https:\/\/diariorepublica.com.ar\/web\/index.php\/wp-json\/wp\/v2\/posts\/18241\/revisions"}],"predecessor-version":[{"id":18243,"href":"https:\/\/diariorepublica.com.ar\/web\/index.php\/wp-json\/wp\/v2\/posts\/18241\/revisions\/18243"}],"wp:featuredmedia":[{"embeddable":true,"href":"https:\/\/diariorepublica.com.ar\/web\/index.php\/wp-json\/wp\/v2\/media\/18242"}],"wp:attachment":[{"href":"https:\/\/diariorepublica.com.ar\/web\/index.php\/wp-json\/wp\/v2\/media?parent=18241"}],"wp:term":[{"taxonomy":"category","embeddable":true,"href":"https:\/\/diariorepublica.com.ar\/web\/index.php\/wp-json\/wp\/v2\/categories?post=18241"},{"taxonomy":"post_tag","embeddable":true,"href":"https:\/\/diariorepublica.com.ar\/web\/index.php\/wp-json\/wp\/v2\/tags?post=18241"}],"curies":[{"name":"wp","href":"https:\/\/api.w.org\/{rel}","templated":true}]}}