{"id":18244,"date":"2024-09-11T00:16:00","date_gmt":"2024-09-11T03:16:00","guid":{"rendered":"https:\/\/diariorepublica.com.ar\/web\/?p=18244"},"modified":"2024-09-11T07:47:15","modified_gmt":"2024-09-11T10:47:15","slug":"la-seleccion-argentina-cayo-en-colombia-pero-sigue-en-lo-mas-alto","status":"publish","type":"post","link":"https:\/\/diariorepublica.com.ar\/web\/index.php\/deportes\/2024\/09\/11\/la-seleccion-argentina-cayo-en-colombia-pero-sigue-en-lo-mas-alto\/","title":{"rendered":"La Selecci\u00f3n Argentina cay\u00f3 en Colombia pero sigue en lo m\u00e1s alto"},"content":{"rendered":"<article id=\"article-post\" class=\"first\">\n<div class=\"cuerpo\" data-twitter-link=\"https:\/\/twitter.com\/intent\/tweet?url=https:\/\/www.diariopopular.com.ar\/c805155&amp;via=poopulardiario&amp;related=Popular&amp;text=\">\n<p><strong>\u00a0La Selecci\u00f3n Argentina perdi\u00f3 2-1 frente a Colombia en un partido bastante parejo en el que los locales supieron sacar r\u00e9dito de sus jugadas m\u00e1s profundas frente a un representativo nacional que no jug\u00f3 mal pero no estuvo tan fino a la hora de enfrentar el arco adversario.<\/strong><\/p>\n<\/div>\n<\/article>\n<article id=\"article-post\">\n<div class=\"cuerpo\" data-twitter-link=\"https:\/\/twitter.com\/intent\/tweet?url=https:\/\/www.diariopopular.com.ar\/c805155&amp;via=poopulardiario&amp;related=Popular&amp;text=\">\n<p><strong>Yerson Mosquera<\/strong>, de cabeza, sell\u00f3 el 1-0 parcial para los\u00a0<em>Cafeteros<\/em>, que\u00a0<strong>Nicol\u00e1s Gonz\u00e1lez<\/strong>\u00a0neutraliz\u00f3 en el inicio de la parte complementaria. Pero minutos m\u00e1s tarde, tras un penal un tanto pol\u00e9mico,\u00a0<strong>James Rodr\u00edguez\u00a0<\/strong>puso el 2-1 definitivo que le permiti\u00f3 a su equipo arrimarse a dos unidades de la\u00a0<em>Scaloneta<\/em>, que sigue liderando el torneo que clasifica al Mundial 2026.<\/p>\n<p>La pr\u00f3xima presentaci\u00f3n del conjunto argentino ser\u00e1 el 10 de octubre en Venezuela, frente a la\u00a0<em>Vinotinto<\/em>, en tanto que el martes 15 recibir\u00e1 a Bolivia en el inicio de la segunda rueda de la competencia que otorga seis plazas para el certamen ecum\u00e9nico y otra para un repechaje.<\/p>\n<div id=\"embed39_wrap\" class=\"embed_cont type_freetext\" contenteditable=\"false\">\n<div id=\"embed39_content\" class=\"embed_content\">\n<div id=\"embed39_embed\">\n<div class=\"video_container\"><iframe loading=\"lazy\" class=\"video_iframe\" src=\"https:\/\/www.youtube.com\/embed\/Rqq1cYSqI3Y\" width=\"100%\" height=\"360\" frameborder=\"0\" scrolling=\"no\" data-gtm-yt-inspected-12=\"true\" data-mce-fragment=\"1\"><\/iframe><\/div>\n<\/div>\n<\/div>\n<div id=\"embed39_epigrafe\" class=\"embed_epigrafe\"><\/div>\n<div id=\"embed39_copyright\" class=\"embed_copyright\"><\/div>\n<\/div>\n<p>Dentro de un primer tiempo equilibrado, Colombia sac\u00f3 ventaja con lo que mejor sabe hacer: una jugada de pelota parada.<\/p>\n<p>Corr\u00edan 25 minutos cuando James Rodr\u00edguez jug\u00f3 corto un c\u00f3rner sobre la izquierda con Jhon Arias, este le devolvi\u00f3 la pelota, la defensa\u00a0<em>albiceleste<\/em>\u00a0durmi\u00f3 y el centro del exReal Madrid al segundo palo agarr\u00f3 a medio camino a\u00a0<em>Dibu<\/em>\u00a0Mart\u00ednez y le qued\u00f3 servido a Mosquera que, tras pegar un salto impresionante, empuj\u00f3 el bal\u00f3n a la red de cabeza.<\/p>\n<p>Antes y despu\u00e9s, Argentina fue un poco m\u00e1s en la calurosa tarde barranquillera. Ante un adversario que le dio bastante libertad, la\u00a0<em>Scaloneta<\/em>\u00a0toc\u00f3 y lleg\u00f3 con claridad, adem\u00e1s de presionar bien arriba como lo hizo Juli\u00e1n \u00c1lvarez sobre los 12 cuando le rob\u00f3 la pelota a Camilo Vargas pero desde un \u00e1ngulo muy cerrado no pudo definir bien de zurda.<\/p>\n<p>A los 17, tras una buena acci\u00f3n, Rodrigo De Paul sac\u00f3 un derechazo desde 25 metros que se fue apenas alto. Y a los 43 se lo perdieron dentro del \u00e1rea Lautaro y Lisandro Mart\u00ednez y Nicol\u00e1s Gonz\u00e1lez, quienes, tras una serie de rebotes, tuvieron el empate pero no lo pudieron concretar. La diferencia estuvo en la eficacia, nada m\u00e1s.<\/p>\n<p>Si el tr\u00e1mite hab\u00eda sido parejo, el marcador se nivel\u00f3 a los 2 minutos de la parte complementaria. Se equivoc\u00f3 James al dejar corto un pase atr\u00e1s a Mu\u00f1oz y, atento,\u00a0<em>Nico<\/em>\u00a0Gonz\u00e1lez rob\u00f3 el bal\u00f3n, se fue al \u00e1rea por izquierda y defini\u00f3 con un disparo bajo.<\/p>\n<p>Se ve\u00eda mejor parado al equipo argentino frente a un rival que no pod\u00eda sostener la presi\u00f3n alta, pero en una jugada aislada el \u00e1rbitro chileno Piero Maza, por pedido del VAR, vio un penal m\u00e1s que dudoso de Nicol\u00e1s Otamendi al\u00a0<em>artista<\/em>\u00a0Daniel Mu\u00f1oz y James no perdon\u00f3 para poner el 2-1.<\/p>\n<p>Despu\u00e9s el partido se abri\u00f3 y los dos, con m\u00e1s espacios, tuvieron sus chances, pero al final nada cambi\u00f3. Gan\u00f3 Colombia y cerr\u00f3 un poco la herida de la Copa Am\u00e9rica. La Selecci\u00f3n Argentina se fue con las manos vac\u00edas pero no hizo un mal partido y eso no deja de ser un aliciente en unas Eliminatorias Sudamericanas en las que por el momento se mantiene en lo m\u00e1s alto.<\/p>\n<\/div>\n<\/article>\n","protected":false},"excerpt":{"rendered":"<p>\u00a0La Selecci\u00f3n Argentina perdi\u00f3 2-1 frente a Colombia en un partido bastante parejo en el que los locales supieron sacar<\/p>\n","protected":false},"author":1,"featured_media":18245,"comment_status":"closed","ping_status":"closed","sticky":false,"template":"","format":"standard","meta":{"footnotes":"","jetpack_publicize_message":"","jetpack_publicize_feature_enabled":true,"jetpack_social_post_already_shared":true,"jetpack_social_options":{"image_generator_settings":{"template":"highway","enabled":false},"version":2}},"categories":[9],"tags":[],"class_list":["post-18244","post","type-post","status-publish","format-standard","has-post-thumbnail","hentry","category-deportes"],"jetpack_publicize_connections":[],"_links":{"self":[{"href":"https:\/\/diariorepublica.com.ar\/web\/index.php\/wp-json\/wp\/v2\/posts\/18244"}],"collection":[{"href":"https:\/\/diariorepublica.com.ar\/web\/index.php\/wp-json\/wp\/v2\/posts"}],"about":[{"href":"https:\/\/diariorepublica.com.ar\/web\/index.php\/wp-json\/wp\/v2\/types\/post"}],"author":[{"embeddable":true,"href":"https:\/\/diariorepublica.com.ar\/web\/index.php\/wp-json\/wp\/v2\/users\/1"}],"replies":[{"embeddable":true,"href":"https:\/\/diariorepublica.com.ar\/web\/index.php\/wp-json\/wp\/v2\/comments?post=18244"}],"version-history":[{"count":1,"href":"https:\/\/diariorepublica.com.ar\/web\/index.php\/wp-json\/wp\/v2\/posts\/18244\/revisions"}],"predecessor-version":[{"id":18246,"href":"https:\/\/diariorepublica.com.ar\/web\/index.php\/wp-json\/wp\/v2\/posts\/18244\/revisions\/18246"}],"wp:featuredmedia":[{"embeddable":true,"href":"https:\/\/diariorepublica.com.ar\/web\/index.php\/wp-json\/wp\/v2\/media\/18245"}],"wp:attachment":[{"href":"https:\/\/diariorepublica.com.ar\/web\/index.php\/wp-json\/wp\/v2\/media?parent=18244"}],"wp:term":[{"taxonomy":"category","embeddable":true,"href":"https:\/\/diariorepublica.com.ar\/web\/index.php\/wp-json\/wp\/v2\/categories?post=18244"},{"taxonomy":"post_tag","embeddable":true,"href":"https:\/\/diariorepublica.com.ar\/web\/index.php\/wp-json\/wp\/v2\/tags?post=18244"}],"curies":[{"name":"wp","href":"https:\/\/api.w.org\/{rel}","templated":true}]}}