{"id":18250,"date":"2024-09-11T00:01:00","date_gmt":"2024-09-11T03:01:00","guid":{"rendered":"https:\/\/diariorepublica.com.ar\/web\/?p=18250"},"modified":"2024-09-11T07:50:05","modified_gmt":"2024-09-11T10:50:05","slug":"la-esteticista-de-fabiola-dijo-que-alberto-fernandez-era-violento-con-la-ex-primera-dama","status":"publish","type":"post","link":"https:\/\/diariorepublica.com.ar\/web\/index.php\/nacionales\/2024\/09\/11\/la-esteticista-de-fabiola-dijo-que-alberto-fernandez-era-violento-con-la-ex-primera-dama\/","title":{"rendered":"La esteticista de Fabiola dijo que Alberto Fern\u00e1ndez era \u00abviolento\u00bb con la ex primera dama"},"content":{"rendered":"<p><strong>Florencia Aguirre,<\/strong>\u00a0la esteticista de\u00a0<strong>Fabiola Ya\u00f1ez<\/strong>, declar\u00f3 hoy que el 29 de junio de 2021 encontr\u00f3 a la entonces primera dama con un hematoma en el ojo y que ella le dijo que el responsable hab\u00eda sido el entonces presidente\u00a0<strong>Alberto Fern\u00e1ndez, pero \u00absin querer\u00bb.<\/strong><\/p>\n<p><strong>\u00abNo le cre\u00ed\u00bb<\/strong>, dijo Aguirre bajo juramento de verdad al fiscal federal Ramiro Gonz\u00e1lez, y<strong>\u00a0a\u00f1adi\u00f3 que el ex mandatario era \u00abviolento\u00bb con Ya\u00f1ez porque \u00abno la dejaba hablar\u00bb y \u00abla llamaba a los gritos\u00bb,<\/strong>\u00a0seg\u00fan pudo saber la Agencia Noticias Argentinas de fuentes judiciales.<\/p>\n<p>Seg\u00fan el relato de la esteticista, Ya\u00f1ez le dijo que el responsable de ese hematoma \u00abfue Alberto sin querer\u00bb, pero aclar\u00f3 que\u00a0<strong>por la forma que ten\u00eda la herida \u00abno parec\u00eda sin querer\u00bb.<\/strong><\/p>\n<p>Adem\u00e1s,\u00a0<strong>Aguirre reiter\u00f3 que no le aplic\u00f3 a Fabiola tratamientos invasivos<\/strong>\u00a0que pudieran dejar hematomas, ante el argumento de Fern\u00e1ndez de que ese motivo pudo haber originado la lesi\u00f3n.<\/p>\n<p>Aguirre afirm\u00f3 que nunca<strong>\u00a0le hizo trata<\/strong><strong>mientos conocidos como \u00abplasma rico en plaquetas\u00bb ni nada invasivo.<\/strong>\u00a0La esteticista cont\u00f3 que tambi\u00e9n atendi\u00f3 a Alberto Fern\u00e1ndez, a quien le aplic\u00f3 tratamientos para la piel y el pelo.<\/p>\n<p>De manera posterior al episodio del hematoma en la cara,\u00a0<strong>record\u00f3 que en otra ocasi\u00f3n la vio con un \u00abhematoma en el brazo derecho\u00bb.<\/strong>\u00a0Tambi\u00e9n que Ya\u00f1ez le dijo que el ex presidente \u00abla llamaba a los gritos\u00bb en ocasiones.<\/p>\n<p><strong>Dijo que el ex presidente \u00abera violento\u00bb y \u00abno la dejaba hablar\u00bb.<\/strong><strong>\u00a0<\/strong>\u00abQue feo es vivir con alguien que no te habla, no te saluda\u00bb, refiri\u00f3 que le cont\u00f3 Ya\u00f1ez en una ocasi\u00f3n, luego de la foto de la fiesta de Olivos.<\/p>\n<p><strong>Aguirre relat\u00f3 que la ex primera dama estaba \u00abmuy angustiada\u00bb<\/strong>\u00a0porque encontr\u00f3 videos y fotos de mujeres en un celular que Fern\u00e1ndez le hab\u00eda dado al hijo de ambos, Francisco.<\/p>\n<p><strong>La esteticista cont\u00f3 que conoci\u00f3 a Fabiola en 2016<\/strong>\u00a0en un centro de est\u00e9tica y que hubo un tiempo en que dej\u00f3 de verla, durante la pandemia, y que cuando volvi\u00f3 a atenderla ella le dijo que \u00abestaba muy triste\u00bb por la difusi\u00f3n de la foto de su fiesta de cumplea\u00f1os en Olivos.<\/p>\n<p>Ante el fiscal, record\u00f3 que su clienta le dijo que \u00abse sent\u00eda presa\u00bb y le asegur\u00f3 que no pod\u00eda salir de la quinta sin pedir permiso.<\/p>\n<p>Tambi\u00e9n, seg\u00fan la esteticista,\u00a0<strong>Ya\u00f1ez le cont\u00f3 que el entonces presidente \u00abestaba muy enojado\u00bb porque hab\u00edan perdido las elecciones legislativas<\/strong>\u00a0de 2021, no le hablaba y ella estaba angustiada porque le echaban la culpa por aquella derrota.<\/p>\n<p>La declaraci\u00f3n en la causa por violencia de g\u00e9nero contra Fern\u00e1ndez hab\u00eda comenzado poco antes de las 10 y concluy\u00f3 pasado el mediod\u00eda.<\/p>\n<p>NA<\/p>\n","protected":false},"excerpt":{"rendered":"<p>Florencia Aguirre,\u00a0la esteticista de\u00a0Fabiola Ya\u00f1ez, declar\u00f3 hoy que el 29 de junio de 2021 encontr\u00f3 a la entonces primera dama<\/p>\n","protected":false},"author":1,"featured_media":18251,"comment_status":"closed","ping_status":"closed","sticky":false,"template":"","format":"standard","meta":{"footnotes":"","jetpack_publicize_message":"","jetpack_publicize_feature_enabled":true,"jetpack_social_post_already_shared":true,"jetpack_social_options":{"image_generator_settings":{"template":"highway","enabled":false},"version":2}},"categories":[4],"tags":[],"class_list":["post-18250","post","type-post","status-publish","format-standard","has-post-thumbnail","hentry","category-nacionales"],"jetpack_publicize_connections":[],"_links":{"self":[{"href":"https:\/\/diariorepublica.com.ar\/web\/index.php\/wp-json\/wp\/v2\/posts\/18250"}],"collection":[{"href":"https:\/\/diariorepublica.com.ar\/web\/index.php\/wp-json\/wp\/v2\/posts"}],"about":[{"href":"https:\/\/diariorepublica.com.ar\/web\/index.php\/wp-json\/wp\/v2\/types\/post"}],"author":[{"embeddable":true,"href":"https:\/\/diariorepublica.com.ar\/web\/index.php\/wp-json\/wp\/v2\/users\/1"}],"replies":[{"embeddable":true,"href":"https:\/\/diariorepublica.com.ar\/web\/index.php\/wp-json\/wp\/v2\/comments?post=18250"}],"version-history":[{"count":1,"href":"https:\/\/diariorepublica.com.ar\/web\/index.php\/wp-json\/wp\/v2\/posts\/18250\/revisions"}],"predecessor-version":[{"id":18252,"href":"https:\/\/diariorepublica.com.ar\/web\/index.php\/wp-json\/wp\/v2\/posts\/18250\/revisions\/18252"}],"wp:featuredmedia":[{"embeddable":true,"href":"https:\/\/diariorepublica.com.ar\/web\/index.php\/wp-json\/wp\/v2\/media\/18251"}],"wp:attachment":[{"href":"https:\/\/diariorepublica.com.ar\/web\/index.php\/wp-json\/wp\/v2\/media?parent=18250"}],"wp:term":[{"taxonomy":"category","embeddable":true,"href":"https:\/\/diariorepublica.com.ar\/web\/index.php\/wp-json\/wp\/v2\/categories?post=18250"},{"taxonomy":"post_tag","embeddable":true,"href":"https:\/\/diariorepublica.com.ar\/web\/index.php\/wp-json\/wp\/v2\/tags?post=18250"}],"curies":[{"name":"wp","href":"https:\/\/api.w.org\/{rel}","templated":true}]}}