{"id":18259,"date":"2024-09-11T08:52:42","date_gmt":"2024-09-11T11:52:42","guid":{"rendered":"https:\/\/diariorepublica.com.ar\/web\/?p=18259"},"modified":"2024-09-11T08:52:43","modified_gmt":"2024-09-11T11:52:43","slug":"tarjeta-alimentar-de-anses-el-gobierno-aumento-el-limite-de-edad-para-recibir-el-beneficio","status":"publish","type":"post","link":"https:\/\/diariorepublica.com.ar\/web\/index.php\/economia\/2024\/09\/11\/tarjeta-alimentar-de-anses-el-gobierno-aumento-el-limite-de-edad-para-recibir-el-beneficio\/","title":{"rendered":"Tarjeta Alimentar de ANSES: el Gobierno aument\u00f3 el l\u00edmite de edad para recibir el beneficio"},"content":{"rendered":"<p>El Gobierno nacional\u00a0<strong>elev\u00f3\u00a0<\/strong>este mi\u00e9rcoles el l\u00edmite<strong>\u00a0de edad de los beneficiarios de la\u00a0Tarjeta Alimentar<\/strong>. La decisi\u00f3n de aumentar\u00a0<strong>de 14 a 17 a\u00f1os<\/strong>\u00a0la edad l\u00edmite de las asignaciones fue oficializada con la publicaci\u00f3n de la\u00a0<strong>Resoluci\u00f3n 636\/2024<\/strong>\u00a0del Ministerio de Capital Humano en el Bolet\u00edn Oficial.<\/p>\n<p>La medida firmada por la titular de esa cartera,\u00a0<strong>Sandra Pettovello<\/strong>, modific\u00f3 el segundo p\u00e1rrafo del apartado 2) de los Lineamientos operativos inherentes al Componente A \u2013 Seguridad Alimentaria &#8211; Prestaci\u00f3n Alimentar, del Plan Nacional Contra el Hambre, impreso en el Anexo de la Resoluci\u00f3n 1549\/2021 del Ministerio de Desarrollo Social, por entonces conducido por Juan Zabaleta.<\/p>\n<p>Ese documento establec\u00eda que para otorgar el beneficio se priorizar\u00eda a<strong>\u00a0\u201caquellos hogares con ni\u00f1os, ni\u00f1as y adolescentes hasta 14 a\u00f1os, mujeres embarazadas, madres y padres de hijos con discapacidad, estos sin l\u00edmite de edad, y madres con siete o m\u00e1s hijos\u201d<\/strong>.<\/p>\n<p>Ahora este texto\u00a0<strong>ampli\u00f3 el rango etario hasta los 17<\/strong>, por lo que se sumar\u00e1n nuevos beneficiarios.<\/p>\n<p>El Ministerio de Capital Humano argument\u00f3 que la flamante modificaci\u00f3n tiene como objetivo \u201c<strong>brindar la prestaci\u00f3n social a un mayor n\u00famero de familias en situaci\u00f3n de vulnerabilidad social<\/strong>, en pos de contribuir a su seguridad alimentaria en el marco de la emergencia alimentaria y nutricional por la que viene atravesando nuestro pa\u00eds\u201d.<\/p>\n<h6>De cu\u00e1nto ser\u00e1n los montos de la Tarjeta Alimentar en octubre<\/h6>\n<p>La Resoluci\u00f3n 636\/2024 tambi\u00e9n\u00a0<strong>oficializ\u00f3 los montos que abonar\u00e1 en octubre para los titulares de la Tarjeta Alimentar<\/strong>, aunque estos valores hab\u00edan sido adelantados hace unos d\u00edas por ANSES.<\/p>\n<ul>\n<li><strong>Personas que perciben la Asignaci\u00f3n por Embarazo: $52.250<\/strong><\/li>\n<li><strong>Familias con un hijo de hasta 17 a\u00f1os: $52.250<\/strong><\/li>\n<li><strong>Familias con dos hijos de hasta 17 a\u00f1os: $81.936<\/strong><\/li>\n<li><strong>Familias con tres o m\u00e1s hijos de hasta 17 a\u00f1os: $108.062<\/strong><\/li>\n<\/ul>\n","protected":false},"excerpt":{"rendered":"<p>El Gobierno nacional\u00a0elev\u00f3\u00a0este mi\u00e9rcoles el l\u00edmite\u00a0de edad de los beneficiarios de la\u00a0Tarjeta Alimentar. La decisi\u00f3n de aumentar\u00a0de 14 a 17<\/p>\n","protected":false},"author":1,"featured_media":18260,"comment_status":"closed","ping_status":"closed","sticky":false,"template":"","format":"standard","meta":{"footnotes":"","jetpack_publicize_message":"","jetpack_publicize_feature_enabled":true,"jetpack_social_post_already_shared":true,"jetpack_social_options":{"image_generator_settings":{"template":"highway","enabled":false},"version":2}},"categories":[5],"tags":[],"class_list":["post-18259","post","type-post","status-publish","format-standard","has-post-thumbnail","hentry","category-economia"],"jetpack_publicize_connections":[],"_links":{"self":[{"href":"https:\/\/diariorepublica.com.ar\/web\/index.php\/wp-json\/wp\/v2\/posts\/18259"}],"collection":[{"href":"https:\/\/diariorepublica.com.ar\/web\/index.php\/wp-json\/wp\/v2\/posts"}],"about":[{"href":"https:\/\/diariorepublica.com.ar\/web\/index.php\/wp-json\/wp\/v2\/types\/post"}],"author":[{"embeddable":true,"href":"https:\/\/diariorepublica.com.ar\/web\/index.php\/wp-json\/wp\/v2\/users\/1"}],"replies":[{"embeddable":true,"href":"https:\/\/diariorepublica.com.ar\/web\/index.php\/wp-json\/wp\/v2\/comments?post=18259"}],"version-history":[{"count":1,"href":"https:\/\/diariorepublica.com.ar\/web\/index.php\/wp-json\/wp\/v2\/posts\/18259\/revisions"}],"predecessor-version":[{"id":18261,"href":"https:\/\/diariorepublica.com.ar\/web\/index.php\/wp-json\/wp\/v2\/posts\/18259\/revisions\/18261"}],"wp:featuredmedia":[{"embeddable":true,"href":"https:\/\/diariorepublica.com.ar\/web\/index.php\/wp-json\/wp\/v2\/media\/18260"}],"wp:attachment":[{"href":"https:\/\/diariorepublica.com.ar\/web\/index.php\/wp-json\/wp\/v2\/media?parent=18259"}],"wp:term":[{"taxonomy":"category","embeddable":true,"href":"https:\/\/diariorepublica.com.ar\/web\/index.php\/wp-json\/wp\/v2\/categories?post=18259"},{"taxonomy":"post_tag","embeddable":true,"href":"https:\/\/diariorepublica.com.ar\/web\/index.php\/wp-json\/wp\/v2\/tags?post=18259"}],"curies":[{"name":"wp","href":"https:\/\/api.w.org\/{rel}","templated":true}]}}