{"id":18262,"date":"2024-09-12T00:22:00","date_gmt":"2024-09-12T03:22:00","guid":{"rendered":"https:\/\/diariorepublica.com.ar\/web\/?p=18262"},"modified":"2024-09-12T07:23:23","modified_gmt":"2024-09-12T10:23:23","slug":"se-llevo-adelante-la-52-sesion-del-parlamento-del-norte-grande","status":"publish","type":"post","link":"https:\/\/diariorepublica.com.ar\/web\/index.php\/locales\/2024\/09\/12\/se-llevo-adelante-la-52-sesion-del-parlamento-del-norte-grande\/","title":{"rendered":"Se llev\u00f3 adelante la 52\u00b0 Sesi\u00f3n del Parlamento del Norte Grande"},"content":{"rendered":"<p>El vicegobernador Rub\u00e9n Dusso particip\u00f3 en la provincia de Misiones en las actividades llevadas adelante en el marco del 52\u00b0 Plenario del Parlamento del Norte Grande Argentino, encabezado por el presidente del organismo, y vicegobernador de Santiago del Estero, Dr. Carlos Silva Neder, junto a los anfitriones; vicegobernador Lucas Romero Spinelli, y el presidente de la Legislatura local, Oscar Herrera Ahuad, y a sus pares del NOA y NEA.<\/p>\n<p>Fue en la jornada previa al plenario, donde el vicegobernador Dusso form\u00f3 parte de la Junta Ejecutiva del Parlamento, en la que estuvieron presentes los 10 vicegobernadores y vicegobernadoras de cada provincia representada.<\/p>\n<p>En dicha reuni\u00f3n se trataron temas como el alto costo de la energ\u00eda el\u00e9ctrica que tiene la regi\u00f3n; las obras p\u00fablicas en las 10 provincias; la preservaci\u00f3n, conservaci\u00f3n y desarrollo de humedales; la creaci\u00f3n de un Registro de Patolog\u00edas Derivadas de la Contaminaci\u00f3n Ambiental y el Cambio Clim\u00e1tico; la integraci\u00f3n de un Parlamento Estudiantil regional; adem\u00e1s de las cuestiones puntuales de cada provincia.<\/p>\n<p>De esta manera, junto al Silva Neder, Romero Spinelli y Herrera Ahuad, el vicegobernador catamarque\u00f1o comparti\u00f3 dicha reuni\u00f3n con; la vicegobernadora de Chaco, Silvana Lorena Schneider; la presidenta del Poder Legislativo de Chaco, Carmen Noem\u00ed Delgado; el vicegobernador de Salta, Antonio Oscar Marocco; el vicegobernador de Jujuy, Alberto Bernis; la vicegobernadora de La Rioja, Teresita Leonor Madera; el vicegobernador de Corrientes, Pedro Braillard Poccard; el presidente de la C\u00e1mara de Diputados de Corrientes, Pedro Gerardo Casani; el vicegobernador de Formosa, Eber Wilson Sol\u00eds; y el vicegobernador de Tucum\u00e1n, Miguel \u00c1ngel Acevedo. Todos ellos participar\u00e1n de la sesi\u00f3n plenaria del Parlamento del Norte Grande.<\/p>\n<p><b>Sesi\u00f3n plenaria<\/b><\/p>\n<p>130 fueron los legisladores que representaron, por primera vez en Posadas, a las 10 provincias que integran las dos regiones norte\u00f1as, trabajando sobre una agenda que abord\u00f3 temas comunes a todas las poblaciones.<\/p>\n<p>Los senadores catamarque\u00f1os; Antonio Camposano, P\u00edo Carleta, F\u00e9lix Jer\u00e9z y Mario Gershani participaron tambi\u00e9n como representantes de la provincia, llevando adelante tanto su trabajo en la sesi\u00f3n plenaria de este mi\u00e9rcoles como en las comisiones de la primera jornada (en el d\u00eda de ayer). Estuvieron tambi\u00e9n presentes y representando a Catamarca, el secretario Parlamentario de Senado, Franco Dr\u00e9 y el subsecretario de Coordinaci\u00f3n y T\u00e9cnica de Senado, Julio Macedo.<\/p>\n<p>La sesi\u00f3n del Parlamento cont\u00f3 este mi\u00e9rcoles con el tratamiento 90 proyectos, entre los que se encuentran iniciativas en materia tanto de salud p\u00fablica, como turismo, educaci\u00f3n, ciencia y tecnolog\u00eda, obras, salud, medio ambiente, infraestructura y transporte.<\/p>\n<p>La Junta Ejecutiva, por su parte, dio lectura al decreto de Presidencia para la creaci\u00f3n de la Comisi\u00f3n Especial y Transitoria denominada Prevenci\u00f3n de la Ludopat\u00eda, as\u00ed como tambi\u00e9n realiz\u00f3 un pronunciamiento en el cual se expresa la preocupaci\u00f3n al intento de privatizaci\u00f3n del Correo Argentino, \u00abponiendo en riesgo la continuidad de un servicio esencial y profundizando el aislamiento de numerosas localidades que dependen del correo como forma de comunicaci\u00f3n y acceso a los servicios b\u00e1sicos, con la consiguiente p\u00e9rdida de la fuente laboral\u00bb. Finalmente, la Junta Ejecutiva realiz\u00f3 un pronunciamiento sobre el Presupuesto General de la Administraci\u00f3n Nacional para el ejercicio 2025.<\/p>\n<p><b>Recibidos por el gobernador misionero<\/b><\/p>\n<p>La jornada de encuentro tambi\u00e9n tuvo el recibimiento de los vicegobernadores y presidentes de parlamentos por el gobernador Hugo Passalacqua, junto a quien conversaron sobre los asuntos cardinales que atraviesan de manera com\u00fan las provincias representadas, resaltando como un tema importante las obras de infraestructura, a las cuales el mandatario misionero las denomin\u00f3 como \u201cobras de bien p\u00fablico necesarias para garantizar una buena calidad de vida a la poblaci\u00f3n\u201d.<\/p>\n","protected":false},"excerpt":{"rendered":"<p>El vicegobernador Rub\u00e9n Dusso particip\u00f3 en la provincia de Misiones en las actividades llevadas adelante en el marco del 52\u00b0<\/p>\n","protected":false},"author":1,"featured_media":18263,"comment_status":"closed","ping_status":"closed","sticky":false,"template":"","format":"standard","meta":{"footnotes":"","jetpack_publicize_message":"","jetpack_publicize_feature_enabled":true,"jetpack_social_post_already_shared":true,"jetpack_social_options":{"image_generator_settings":{"template":"highway","enabled":false},"version":2}},"categories":[2],"tags":[],"class_list":["post-18262","post","type-post","status-publish","format-standard","has-post-thumbnail","hentry","category-locales"],"jetpack_publicize_connections":[],"_links":{"self":[{"href":"https:\/\/diariorepublica.com.ar\/web\/index.php\/wp-json\/wp\/v2\/posts\/18262"}],"collection":[{"href":"https:\/\/diariorepublica.com.ar\/web\/index.php\/wp-json\/wp\/v2\/posts"}],"about":[{"href":"https:\/\/diariorepublica.com.ar\/web\/index.php\/wp-json\/wp\/v2\/types\/post"}],"author":[{"embeddable":true,"href":"https:\/\/diariorepublica.com.ar\/web\/index.php\/wp-json\/wp\/v2\/users\/1"}],"replies":[{"embeddable":true,"href":"https:\/\/diariorepublica.com.ar\/web\/index.php\/wp-json\/wp\/v2\/comments?post=18262"}],"version-history":[{"count":1,"href":"https:\/\/diariorepublica.com.ar\/web\/index.php\/wp-json\/wp\/v2\/posts\/18262\/revisions"}],"predecessor-version":[{"id":18264,"href":"https:\/\/diariorepublica.com.ar\/web\/index.php\/wp-json\/wp\/v2\/posts\/18262\/revisions\/18264"}],"wp:featuredmedia":[{"embeddable":true,"href":"https:\/\/diariorepublica.com.ar\/web\/index.php\/wp-json\/wp\/v2\/media\/18263"}],"wp:attachment":[{"href":"https:\/\/diariorepublica.com.ar\/web\/index.php\/wp-json\/wp\/v2\/media?parent=18262"}],"wp:term":[{"taxonomy":"category","embeddable":true,"href":"https:\/\/diariorepublica.com.ar\/web\/index.php\/wp-json\/wp\/v2\/categories?post=18262"},{"taxonomy":"post_tag","embeddable":true,"href":"https:\/\/diariorepublica.com.ar\/web\/index.php\/wp-json\/wp\/v2\/tags?post=18262"}],"curies":[{"name":"wp","href":"https:\/\/api.w.org\/{rel}","templated":true}]}}