{"id":1827,"date":"2023-04-21T07:39:30","date_gmt":"2023-04-21T10:39:30","guid":{"rendered":"https:\/\/diariorepublica.com.ar\/web\/?p=1827"},"modified":"2023-04-21T07:39:31","modified_gmt":"2023-04-21T10:39:31","slug":"murio-el-reconocido-cocinero-y-conductor-guillermo-calabrese","status":"publish","type":"post","link":"https:\/\/diariorepublica.com.ar\/web\/index.php\/espectaculos\/2023\/04\/21\/murio-el-reconocido-cocinero-y-conductor-guillermo-calabrese\/","title":{"rendered":"Muri\u00f3 el reconocido cocinero y conductor Guillermo Calabrese"},"content":{"rendered":"<p class=\"paragraph\"><b>Guillermo Calabrese<\/b>, famoso por haber sido conductor del ciclo\u00a0<i>Cocineros argentinos\u00a0<\/i>(<i>TV P\u00fablica<\/i>), muri\u00f3 a los 61 a\u00f1os, de acuerdo a lo que confirm\u00f3 su entorno .<\/p>\n<p class=\"paragraph\">El reconocido chef se sinti\u00f3 mal durante la madrugada y fue asistido m\u00e9dicamente en el Hospital Fern\u00e1ndez, el centro de salud en el que finalmente\u00a0<b>falleci\u00f3 de un paro card\u00edaco.<\/b><\/p>\n<h6 class=\"font--primary\">Qui\u00e9n era Guillermo Calabrese, uno de los creadores de \u201cCocineros argentinos\u201d<\/h6>\n<p class=\"paragraph\">Guillermo Calabrese hab\u00eda nacido el 5 de octubre de 1961 en Buenos Aires, con profundas ra\u00edces italianas. Ese origen hizo mella en su deseo por la cocina. M\u00e1s all\u00e1 de haber tenido un pasado como estudiante de medicina, se transform\u00f3 en chef y lleg\u00f3 a la televisi\u00f3n.<\/p>\n","protected":false},"excerpt":{"rendered":"<p>Guillermo Calabrese, famoso por haber sido conductor del ciclo\u00a0Cocineros argentinos\u00a0(TV P\u00fablica), muri\u00f3 a los 61 a\u00f1os, de acuerdo a lo<\/p>\n","protected":false},"author":1,"featured_media":1830,"comment_status":"closed","ping_status":"closed","sticky":false,"template":"","format":"standard","meta":{"footnotes":"","jetpack_publicize_message":"","jetpack_publicize_feature_enabled":true,"jetpack_social_post_already_shared":false,"jetpack_social_options":{"image_generator_settings":{"template":"highway","enabled":false},"version":2}},"categories":[7],"tags":[],"class_list":["post-1827","post","type-post","status-publish","format-standard","has-post-thumbnail","hentry","category-espectaculos"],"jetpack_publicize_connections":[],"_links":{"self":[{"href":"https:\/\/diariorepublica.com.ar\/web\/index.php\/wp-json\/wp\/v2\/posts\/1827"}],"collection":[{"href":"https:\/\/diariorepublica.com.ar\/web\/index.php\/wp-json\/wp\/v2\/posts"}],"about":[{"href":"https:\/\/diariorepublica.com.ar\/web\/index.php\/wp-json\/wp\/v2\/types\/post"}],"author":[{"embeddable":true,"href":"https:\/\/diariorepublica.com.ar\/web\/index.php\/wp-json\/wp\/v2\/users\/1"}],"replies":[{"embeddable":true,"href":"https:\/\/diariorepublica.com.ar\/web\/index.php\/wp-json\/wp\/v2\/comments?post=1827"}],"version-history":[{"count":1,"href":"https:\/\/diariorepublica.com.ar\/web\/index.php\/wp-json\/wp\/v2\/posts\/1827\/revisions"}],"predecessor-version":[{"id":1831,"href":"https:\/\/diariorepublica.com.ar\/web\/index.php\/wp-json\/wp\/v2\/posts\/1827\/revisions\/1831"}],"wp:featuredmedia":[{"embeddable":true,"href":"https:\/\/diariorepublica.com.ar\/web\/index.php\/wp-json\/wp\/v2\/media\/1830"}],"wp:attachment":[{"href":"https:\/\/diariorepublica.com.ar\/web\/index.php\/wp-json\/wp\/v2\/media?parent=1827"}],"wp:term":[{"taxonomy":"category","embeddable":true,"href":"https:\/\/diariorepublica.com.ar\/web\/index.php\/wp-json\/wp\/v2\/categories?post=1827"},{"taxonomy":"post_tag","embeddable":true,"href":"https:\/\/diariorepublica.com.ar\/web\/index.php\/wp-json\/wp\/v2\/tags?post=1827"}],"curies":[{"name":"wp","href":"https:\/\/api.w.org\/{rel}","templated":true}]}}