{"id":18277,"date":"2024-09-12T06:05:00","date_gmt":"2024-09-12T09:05:00","guid":{"rendered":"https:\/\/diariorepublica.com.ar\/web\/?p=18277"},"modified":"2024-09-12T08:07:38","modified_gmt":"2024-09-12T11:07:38","slug":"raul-se-reunio-con-sturzenegger-para-dialogar-sobre-mineria-turismo-y-oportunidades-de-inversion","status":"publish","type":"post","link":"https:\/\/diariorepublica.com.ar\/web\/index.php\/politica\/2024\/09\/12\/raul-se-reunio-con-sturzenegger-para-dialogar-sobre-mineria-turismo-y-oportunidades-de-inversion\/","title":{"rendered":"Ra\u00fal se reuni\u00f3 con Sturzenegger para dialogar sobre miner\u00eda, turismo y oportunidades de inversi\u00f3n"},"content":{"rendered":"<p>El gobernador Ra\u00fal Jalil mantuvo un encuentro con el ministro de Desregulaci\u00f3n y Transformaci\u00f3n del Estado de la Naci\u00f3n, Federico Sturzenegger, donde dialog\u00f3 sobre el desarrollo de la miner\u00eda, las energ\u00edas renovables, el turismo y las nuevas oportunidades de inversi\u00f3n y crecimiento econ\u00f3mico que presenta el contexto actual para la provincia.<\/p>\n<p>En la reuni\u00f3n, ambos funcionarios analizaron el presente de los proyectos mineros que operan en la provincia, destacando el potencial de Catamarca en este sector estrat\u00e9gico.<\/p>\n<p>Adem\u00e1s, se debati\u00f3 sobre las posibilidades de inversi\u00f3n que ofrece el R\u00e9gimen de Incentivo a las Grandes Inversiones (RIGI), una herramienta clave para atraer capitales y fomentar el desarrollo productivo en la regi\u00f3n.<\/p>\n<p>Otro de los temas abordados fue la posible implementaci\u00f3n de una l\u00ednea a\u00e9rea interna que facilite la conectividad tur\u00edstica en Catamarca, conectando localidades como Antofagasta de la Sierra con la capital provincial y otras provincias, como C\u00f3rdoba, con el objetivo de potenciar el turismo y mejorar la conectividad a\u00e9rea.<\/p>\n<p>Por \u00faltimo, el di\u00e1logo se centr\u00f3 en el sostenimiento de beneficios sociales para que sean compatibles con el trabajo registrado, de manera similar a la tarea realizada por el gobierno provincial.<\/p>\n<p>El encuentro apunta al avance de proyectos estrat\u00e9gicos que fortalezcan el desarrollo econ\u00f3mico de la provincia, tanto en materia minera, de las energ\u00edas renovables y el turismo.<\/p>\n","protected":false},"excerpt":{"rendered":"<p>El gobernador Ra\u00fal Jalil mantuvo un encuentro con el ministro de Desregulaci\u00f3n y Transformaci\u00f3n del Estado de la Naci\u00f3n, Federico<\/p>\n","protected":false},"author":1,"featured_media":18278,"comment_status":"closed","ping_status":"closed","sticky":false,"template":"","format":"standard","meta":{"footnotes":"","jetpack_publicize_message":"","jetpack_publicize_feature_enabled":true,"jetpack_social_post_already_shared":true,"jetpack_social_options":{"image_generator_settings":{"template":"highway","enabled":false},"version":2}},"categories":[12],"tags":[],"class_list":["post-18277","post","type-post","status-publish","format-standard","has-post-thumbnail","hentry","category-politica"],"jetpack_publicize_connections":[],"_links":{"self":[{"href":"https:\/\/diariorepublica.com.ar\/web\/index.php\/wp-json\/wp\/v2\/posts\/18277"}],"collection":[{"href":"https:\/\/diariorepublica.com.ar\/web\/index.php\/wp-json\/wp\/v2\/posts"}],"about":[{"href":"https:\/\/diariorepublica.com.ar\/web\/index.php\/wp-json\/wp\/v2\/types\/post"}],"author":[{"embeddable":true,"href":"https:\/\/diariorepublica.com.ar\/web\/index.php\/wp-json\/wp\/v2\/users\/1"}],"replies":[{"embeddable":true,"href":"https:\/\/diariorepublica.com.ar\/web\/index.php\/wp-json\/wp\/v2\/comments?post=18277"}],"version-history":[{"count":1,"href":"https:\/\/diariorepublica.com.ar\/web\/index.php\/wp-json\/wp\/v2\/posts\/18277\/revisions"}],"predecessor-version":[{"id":18279,"href":"https:\/\/diariorepublica.com.ar\/web\/index.php\/wp-json\/wp\/v2\/posts\/18277\/revisions\/18279"}],"wp:featuredmedia":[{"embeddable":true,"href":"https:\/\/diariorepublica.com.ar\/web\/index.php\/wp-json\/wp\/v2\/media\/18278"}],"wp:attachment":[{"href":"https:\/\/diariorepublica.com.ar\/web\/index.php\/wp-json\/wp\/v2\/media?parent=18277"}],"wp:term":[{"taxonomy":"category","embeddable":true,"href":"https:\/\/diariorepublica.com.ar\/web\/index.php\/wp-json\/wp\/v2\/categories?post=18277"},{"taxonomy":"post_tag","embeddable":true,"href":"https:\/\/diariorepublica.com.ar\/web\/index.php\/wp-json\/wp\/v2\/tags?post=18277"}],"curies":[{"name":"wp","href":"https:\/\/api.w.org\/{rel}","templated":true}]}}