{"id":18349,"date":"2024-09-13T08:49:00","date_gmt":"2024-09-13T11:49:00","guid":{"rendered":"https:\/\/diariorepublica.com.ar\/web\/?p=18349"},"modified":"2024-09-13T08:10:15","modified_gmt":"2024-09-13T11:10:15","slug":"nayib-bukele-visitara-la-argentina-a-finales-de-septiembre-para-reunirse-con-javier-milei","status":"publish","type":"post","link":"https:\/\/diariorepublica.com.ar\/web\/index.php\/nacionales\/2024\/09\/13\/nayib-bukele-visitara-la-argentina-a-finales-de-septiembre-para-reunirse-con-javier-milei\/","title":{"rendered":"Nayib Bukele visitar\u00e1 la Argentina a finales de septiembre para reunirse con Javier Milei"},"content":{"rendered":"<p>Luego del acuerdo de asesoramiento en materia de seguridad firmado en junio entre los gobiernos de Argentina y El Salvador, Javier Milei recibir\u00e1 a Nayib Bukele a finales de septiembre.<\/p>\n<p>De esta forma, los dos mandatarios confirmar\u00e1n su buen v\u00ednculo personal en lo que ser\u00e1 el tercer encuentro cara a cara entre ambos, ya que Bukele estuvo en la asunci\u00f3n de Milei el 10 de diciembre del a\u00f1o pasado y el presidente argentino asisti\u00f3 a la ceremonia de reasunci\u00f3n de su par salvadore\u00f1o.<\/p>\n<p>El mandatario de El Salvador tiene previsto\u00a0<strong>arribar a Buenos Aires el 29 de septiembre\u00a0<\/strong>para una visita oficial que comenzar\u00e1 formalmente al d\u00eda siguiente y que incluir\u00e1 la reuni\u00f3n bilateral con el l\u00edder libertario y\u00a0<strong>otros compromisos<\/strong>\u00a0con funcionarios del Gobierno y el Congreso.<\/p>\n<p>Bukele cobr\u00f3 gran notoriedad por su pol\u00edtica de seguridad de mano dura que le dio popularidad en su pa\u00eds, al<strong>\u00a0disminuir el accionar delictivo de bandas criminales\u00a0<\/strong>que controlaban parte del territorio. En paralelo, como consecuencia de ese accionar viene recibiendo\u00a0<strong>denuncias por supuestas violaciones a los derechos humanos.<\/strong><\/p>\n","protected":false},"excerpt":{"rendered":"<p>Luego del acuerdo de asesoramiento en materia de seguridad firmado en junio entre los gobiernos de Argentina y El Salvador,<\/p>\n","protected":false},"author":1,"featured_media":18350,"comment_status":"closed","ping_status":"closed","sticky":false,"template":"","format":"standard","meta":{"footnotes":"","jetpack_publicize_message":"","jetpack_publicize_feature_enabled":true,"jetpack_social_post_already_shared":true,"jetpack_social_options":{"image_generator_settings":{"template":"highway","enabled":false},"version":2}},"categories":[4],"tags":[],"class_list":["post-18349","post","type-post","status-publish","format-standard","has-post-thumbnail","hentry","category-nacionales"],"jetpack_publicize_connections":[],"_links":{"self":[{"href":"https:\/\/diariorepublica.com.ar\/web\/index.php\/wp-json\/wp\/v2\/posts\/18349"}],"collection":[{"href":"https:\/\/diariorepublica.com.ar\/web\/index.php\/wp-json\/wp\/v2\/posts"}],"about":[{"href":"https:\/\/diariorepublica.com.ar\/web\/index.php\/wp-json\/wp\/v2\/types\/post"}],"author":[{"embeddable":true,"href":"https:\/\/diariorepublica.com.ar\/web\/index.php\/wp-json\/wp\/v2\/users\/1"}],"replies":[{"embeddable":true,"href":"https:\/\/diariorepublica.com.ar\/web\/index.php\/wp-json\/wp\/v2\/comments?post=18349"}],"version-history":[{"count":1,"href":"https:\/\/diariorepublica.com.ar\/web\/index.php\/wp-json\/wp\/v2\/posts\/18349\/revisions"}],"predecessor-version":[{"id":18351,"href":"https:\/\/diariorepublica.com.ar\/web\/index.php\/wp-json\/wp\/v2\/posts\/18349\/revisions\/18351"}],"wp:featuredmedia":[{"embeddable":true,"href":"https:\/\/diariorepublica.com.ar\/web\/index.php\/wp-json\/wp\/v2\/media\/18350"}],"wp:attachment":[{"href":"https:\/\/diariorepublica.com.ar\/web\/index.php\/wp-json\/wp\/v2\/media?parent=18349"}],"wp:term":[{"taxonomy":"category","embeddable":true,"href":"https:\/\/diariorepublica.com.ar\/web\/index.php\/wp-json\/wp\/v2\/categories?post=18349"},{"taxonomy":"post_tag","embeddable":true,"href":"https:\/\/diariorepublica.com.ar\/web\/index.php\/wp-json\/wp\/v2\/tags?post=18349"}],"curies":[{"name":"wp","href":"https:\/\/api.w.org\/{rel}","templated":true}]}}