{"id":18361,"date":"2024-09-13T12:17:04","date_gmt":"2024-09-13T15:17:04","guid":{"rendered":"https:\/\/diariorepublica.com.ar\/web\/?p=18361"},"modified":"2024-09-13T12:17:06","modified_gmt":"2024-09-13T15:17:06","slug":"gary-medel-se-desgarro","status":"publish","type":"post","link":"https:\/\/diariorepublica.com.ar\/web\/index.php\/deportes\/2024\/09\/13\/gary-medel-se-desgarro\/","title":{"rendered":"Gary Medel se desgarr\u00f3"},"content":{"rendered":"<p>Despu\u00e9s de quedar afuera de la lista de convocados para visitar a Racing este fin de semana y en medio de la incertidumbre sobre qu\u00e9 hab\u00eda pasado, desde el predio de Ezeiza, donde hoy Boca se entrena por \u00faltima vez antes del cl\u00e1sico, lleg\u00f3 la confirmaci\u00f3n que Gary Medel sufri\u00f3 un desgarro en el isquiotibial de la pierna izquierda. Diego Mart\u00ednez suma un nuevo dolor de cabeza, ya que el chileno no solo se perder\u00e1 la cita en Avellaneda sino tambi\u00e9n el partido con River del 21 de septiembre.<\/p>\n<p>Era un secreto a voces que empez\u00f3 a crecer cuando el Xeneize hizo oficial los concentrados y el experimentado jugador no formaba parte; y esta ma\u00f1ana, con los resultados de los estudios en mano, se termin\u00f3 de ratificar la lesi\u00f3n muscular que lo marginar\u00e1 de las canchas por al menos tres semanas.<\/p>\n<p>Si bien Medel no ven\u00eda siendo titular en la estructura habitual del once de Boca, lo cierto es que para el entrenador era una variante muy importante tanto para hacer las veces de zaguero como tambi\u00e9n de volante central, dependiendo del partido y la circunstancia para lo que necesitara.<\/p>\n","protected":false},"excerpt":{"rendered":"<p>Despu\u00e9s de quedar afuera de la lista de convocados para visitar a Racing este fin de semana y en medio<\/p>\n","protected":false},"author":1,"featured_media":18362,"comment_status":"closed","ping_status":"closed","sticky":false,"template":"","format":"standard","meta":{"footnotes":"","jetpack_publicize_message":"","jetpack_publicize_feature_enabled":true,"jetpack_social_post_already_shared":true,"jetpack_social_options":{"image_generator_settings":{"template":"highway","enabled":false},"version":2}},"categories":[9],"tags":[],"class_list":["post-18361","post","type-post","status-publish","format-standard","has-post-thumbnail","hentry","category-deportes"],"jetpack_publicize_connections":[],"_links":{"self":[{"href":"https:\/\/diariorepublica.com.ar\/web\/index.php\/wp-json\/wp\/v2\/posts\/18361"}],"collection":[{"href":"https:\/\/diariorepublica.com.ar\/web\/index.php\/wp-json\/wp\/v2\/posts"}],"about":[{"href":"https:\/\/diariorepublica.com.ar\/web\/index.php\/wp-json\/wp\/v2\/types\/post"}],"author":[{"embeddable":true,"href":"https:\/\/diariorepublica.com.ar\/web\/index.php\/wp-json\/wp\/v2\/users\/1"}],"replies":[{"embeddable":true,"href":"https:\/\/diariorepublica.com.ar\/web\/index.php\/wp-json\/wp\/v2\/comments?post=18361"}],"version-history":[{"count":1,"href":"https:\/\/diariorepublica.com.ar\/web\/index.php\/wp-json\/wp\/v2\/posts\/18361\/revisions"}],"predecessor-version":[{"id":18363,"href":"https:\/\/diariorepublica.com.ar\/web\/index.php\/wp-json\/wp\/v2\/posts\/18361\/revisions\/18363"}],"wp:featuredmedia":[{"embeddable":true,"href":"https:\/\/diariorepublica.com.ar\/web\/index.php\/wp-json\/wp\/v2\/media\/18362"}],"wp:attachment":[{"href":"https:\/\/diariorepublica.com.ar\/web\/index.php\/wp-json\/wp\/v2\/media?parent=18361"}],"wp:term":[{"taxonomy":"category","embeddable":true,"href":"https:\/\/diariorepublica.com.ar\/web\/index.php\/wp-json\/wp\/v2\/categories?post=18361"},{"taxonomy":"post_tag","embeddable":true,"href":"https:\/\/diariorepublica.com.ar\/web\/index.php\/wp-json\/wp\/v2\/tags?post=18361"}],"curies":[{"name":"wp","href":"https:\/\/api.w.org\/{rel}","templated":true}]}}