{"id":18364,"date":"2024-09-13T12:22:49","date_gmt":"2024-09-13T15:22:49","guid":{"rendered":"https:\/\/diariorepublica.com.ar\/web\/?p=18364"},"modified":"2024-09-13T12:22:51","modified_gmt":"2024-09-13T15:22:51","slug":"choque-en-cordobala-joven-catamarquena-se-encuentra-en-estado-critico","status":"publish","type":"post","link":"https:\/\/diariorepublica.com.ar\/web\/index.php\/sociedad\/2024\/09\/13\/choque-en-cordobala-joven-catamarquena-se-encuentra-en-estado-critico\/","title":{"rendered":"Choque en C\u00f3rdoba:la joven catamarque\u00f1a se encuentra en estado \u00abcr\u00edtico\u00bb"},"content":{"rendered":"<p>Mar\u00eda Andrea Larcher, de 20 a\u00f1os, fue la v\u00edctima que se llev\u00f3 la peor parte en el desastre vial registrado en el centro de C\u00f3rdoba este jueves al mediod\u00eda.<\/p>\n<p>La joven es oriunda de Andalgal\u00e1, Catamarca, y resid\u00eda desde hace dos a\u00f1os en una residencia universitaria ubicada en calle Ituzaing\u00f3, a la vuelta de donde fue impactada por el Toyota Corolla. Se estaba preparando para ingresar a la carrera de medicina en la Universidad Nacional de C\u00f3rdoba (UNC).<\/p>\n<p>Su madre, Kelly Larcher, relat\u00f3 que Mar\u00eda Andrea estaba sola en la ciudad de C\u00f3rdoba, y que fueron sus compa\u00f1eras quienes la llamaron para informarle del accidente. \u201cMi hija est\u00e1 solita, sin ninguna amiga. Hab\u00eda un par de conocidas de ella pero est\u00e1n lejos de donde reside\u201d, cont\u00f3.<\/p>\n<p>La muchacha dej\u00f3 su ciudad natal, de poco m\u00e1s de 12 mil habitantes, con la esperanza de ingresar a la carrera de medicina en la UNC y se estaba preparando para rendir los ex\u00e1menes.<\/p>\n<p>Seg\u00fan los partes m\u00e9dicos del Hospital de Urgencias, donde est\u00e1 internada, el estado de salud es delicado: sufri\u00f3 la amputaci\u00f3n de su pierna derecha y presenta una fractura de cr\u00e1neo.<\/p>\n<p>Ariel Aleksandroff, secretario de Salud de la ciudad de C\u00f3rdoba, dijo a\u00a0<b>Cadena 3<\/b>\u00a0que su estado contin\u00faa cr\u00edtico tras ser intervenida quir\u00fargicamente por un hundimiento de cr\u00e1neo y otras lesiones graves. Est\u00e1 en terapia intensiva.<\/p>\n<p>\u00abSe utilizaron una craneoplast\u00eda para acomodar las placas \u00f3seas del cerebro. Ten\u00eda un neumot\u00f3rax con distintas fracturas en el miembro superior izquierdo y fractura del pelvis, con un diagn\u00f3stico m\u00e1s cr\u00edtico. Estamos viendo minuto a minuto la evoluci\u00f3n de este paciente\u00bb, indic\u00f3 el funcionario y se\u00f1al\u00f3 que es la \u00abm\u00e1s grave\u00bb.<\/p>\n","protected":false},"excerpt":{"rendered":"<p>Mar\u00eda Andrea Larcher, de 20 a\u00f1os, fue la v\u00edctima que se llev\u00f3 la peor parte en el desastre vial registrado<\/p>\n","protected":false},"author":1,"featured_media":18365,"comment_status":"closed","ping_status":"closed","sticky":false,"template":"","format":"standard","meta":{"footnotes":"","jetpack_publicize_message":"","jetpack_publicize_feature_enabled":true,"jetpack_social_post_already_shared":true,"jetpack_social_options":{"image_generator_settings":{"template":"highway","enabled":false},"version":2}},"categories":[3],"tags":[],"class_list":["post-18364","post","type-post","status-publish","format-standard","has-post-thumbnail","hentry","category-sociedad"],"jetpack_publicize_connections":[],"_links":{"self":[{"href":"https:\/\/diariorepublica.com.ar\/web\/index.php\/wp-json\/wp\/v2\/posts\/18364"}],"collection":[{"href":"https:\/\/diariorepublica.com.ar\/web\/index.php\/wp-json\/wp\/v2\/posts"}],"about":[{"href":"https:\/\/diariorepublica.com.ar\/web\/index.php\/wp-json\/wp\/v2\/types\/post"}],"author":[{"embeddable":true,"href":"https:\/\/diariorepublica.com.ar\/web\/index.php\/wp-json\/wp\/v2\/users\/1"}],"replies":[{"embeddable":true,"href":"https:\/\/diariorepublica.com.ar\/web\/index.php\/wp-json\/wp\/v2\/comments?post=18364"}],"version-history":[{"count":1,"href":"https:\/\/diariorepublica.com.ar\/web\/index.php\/wp-json\/wp\/v2\/posts\/18364\/revisions"}],"predecessor-version":[{"id":18366,"href":"https:\/\/diariorepublica.com.ar\/web\/index.php\/wp-json\/wp\/v2\/posts\/18364\/revisions\/18366"}],"wp:featuredmedia":[{"embeddable":true,"href":"https:\/\/diariorepublica.com.ar\/web\/index.php\/wp-json\/wp\/v2\/media\/18365"}],"wp:attachment":[{"href":"https:\/\/diariorepublica.com.ar\/web\/index.php\/wp-json\/wp\/v2\/media?parent=18364"}],"wp:term":[{"taxonomy":"category","embeddable":true,"href":"https:\/\/diariorepublica.com.ar\/web\/index.php\/wp-json\/wp\/v2\/categories?post=18364"},{"taxonomy":"post_tag","embeddable":true,"href":"https:\/\/diariorepublica.com.ar\/web\/index.php\/wp-json\/wp\/v2\/tags?post=18364"}],"curies":[{"name":"wp","href":"https:\/\/api.w.org\/{rel}","templated":true}]}}