{"id":18373,"date":"2024-09-16T07:01:00","date_gmt":"2024-09-16T10:01:00","guid":{"rendered":"https:\/\/diariorepublica.com.ar\/web\/?p=18373"},"modified":"2024-09-16T07:43:05","modified_gmt":"2024-09-16T10:43:05","slug":"javier-milei-le-pidio-a-los-gobernadores-un-ajuste-del-gasto-de-us60-000-millones","status":"publish","type":"post","link":"https:\/\/diariorepublica.com.ar\/web\/index.php\/politica\/2024\/09\/16\/javier-milei-le-pidio-a-los-gobernadores-un-ajuste-del-gasto-de-us60-000-millones\/","title":{"rendered":"Javier Milei le pidi\u00f3 a los gobernadores un ajuste del gasto de u$s60.000 millones"},"content":{"rendered":"<p>En sinton\u00eda con el ajuste del Estado nacional, el presidente Javier Milei le pidi\u00f3 a los gobernadores que implementen recortes en el erario por u$s60.000millones para reducir el gasto total a 25 puntos del PBI. Esta noche present\u00f3 el Presupuesto 2025 con nueva metodolog\u00eda de c\u00e1lculo para sostener el equilibrio fiscal.<\/p>\n<p>\u00abA los gobernadores les digo. Cumplir el compromiso de bajar el gasto p\u00fablico consolidado a 25 puntos del PBI requiere que las provincias en su conjunto hagan un ajuste adicional de u$s60.000 millones\u00bb, les dijo el jefe de Estado esta noche a los mandatarios provinciales al plantear la necesidad de revisar las cuentas p\u00fablicas para bajar la inflaci\u00f3n y reducir impuestos. \u00abNosotros ya hemos cumplido nuestra parte del acuerdo, ahora faltan ustedes\u00bb, a\u00f1adi\u00f3.<\/p>\n<article class=\"article-body article-body--third-paragraph content-protected-false\">El mandatario afirm\u00f3 que los argentinos \u00aba lo largo y ancho del pa\u00eds saben perfectamente bien que por cada peso que dejen de gastar las provincias y municipios se lo podr\u00e1n devolver en baja de ingresos brutos u otras tasas\u00bb. Y les habl\u00f3 nuevamente a los gobernadores:\u00a0<strong>\u00abSi cumplen con este mandato popular, los argentinos de bien estar\u00e1n agradecidos\u00bb.<\/strong><\/p>\n<\/article>\n<article class=\"article-body article-body--fourth-paragraph content-protected-false\">\n<h6><strong>Javier Milei advirti\u00f3 a los gobernadores que \u00abno subestimen\u00bb a los argentinos<\/strong><\/h6>\n<p>Sin embargo,\u00a0<strong>les advirti\u00f3 que \u00abseguir haciendo lo mismo de siempre\u00bb no va a funcionar<\/strong>. \u00abD\u00e9jenme decir que hay algo de lo que estoy seguro que los argentinos no van a permitir y es que cuando el Estado nacional elimine o baje un impuesto, ustedes quieran subir los suyos, no va a caminar. Los argentinos son un pueblo rebelde y cansado de las avivadas de los pol\u00edticos\u00bb, remarc\u00f3.<\/p>\n<\/article>\n<article class=\"article-body article-body--remaining-paragraph content-protected-false\">Luego asegur\u00f3 que\u00a0<strong>el pa\u00eds est\u00e1 viviendo \u00abun momento bisagra\u00bb en la historia de la Argentina<\/strong>\u00a0y le pidi\u00f3 a los jefes provinciales que\u00a0<strong>\u00abno subestimen\u00bb la situaci\u00f3n<\/strong>. \u00abCuando ingres\u00e9 en la pol\u00edtica les dije que no ve\u00eda a guiar corderos sino a despertar leones y les cuento que si no lo han visto o no lo quieren ver los leones han despertado\u00bb, advirti\u00f3.<\/p>\n<p>El mandatario sorprendi\u00f3 este domingo al presentar personalmente el Presupuesto ante el Congreso, una facultad que suele ser responsabilidad del Ministro de Econom\u00eda. \u00abDecid\u00ed hacerlo personalmente por dos razones: porque soy economista y estoy orgulloso de eso\u00bb, dijo al explicar los motivos de su presencia.<\/p>\n<p>Luego se\u00f1al\u00f3 que el Presupuesto \u00abno es una ley m\u00e1s\u00bb sino que es la \u00abley de leyes\u00bb. Y remarc\u00f3 que la piedra basal del mismo \u00abes el d\u00e9ficit cero\u00bb para frenar el \u00abgasto compulsivo\u00bb de los gobiernos.<\/p>\n<p>\u00abHoy estamos aqu\u00ed para presentar un Presupuesto nacional que va a cambiar la historia de nuestro pa\u00eds, de manera que volvamos a ser la argentina grande que alguna vez fuimos. Hoy venimos aqu\u00ed a ponerle un cepo al Estado\u00bb, destac\u00f3 y agreg\u00f3: \u00abEste presupuesto blinda el equilibrio fiscal, sin importar el escenario econ\u00f3mico. Independientemente de lo que suceda a nivel macro, el resultado fiscal estar\u00e1 equilibrado\u00bb.<\/p>\n<p><strong>Para el a\u00f1o pr\u00f3ximo\u00a0el Gobierno espera que la econom\u00eda crezca 5%, la inflaci\u00f3n se desacelere a 18,3%, que el\u00a0d\u00f3lar\u00a0oficial avance a un ritmo semejante a los precios ubic\u00e1ndose en $1.207 en diciembre, un super\u00e1vit primario de 1,3% del PBI y equilibrio en el resultado financiero del Tesoro<\/strong>. Estos son los principales datos macroecon\u00f3micos contenidos en el proyecto de presupuesto que el Poder Ejecutivo elev\u00f3 al Congreso.<\/p>\n<p>ambito.com<\/p>\n<\/article>\n","protected":false},"excerpt":{"rendered":"<p>En sinton\u00eda con el ajuste del Estado nacional, el presidente Javier Milei le pidi\u00f3 a los gobernadores que implementen recortes<\/p>\n","protected":false},"author":1,"featured_media":18374,"comment_status":"closed","ping_status":"closed","sticky":false,"template":"","format":"standard","meta":{"footnotes":"","jetpack_publicize_message":"","jetpack_publicize_feature_enabled":true,"jetpack_social_post_already_shared":true,"jetpack_social_options":{"image_generator_settings":{"template":"highway","enabled":false},"version":2}},"categories":[12],"tags":[],"class_list":["post-18373","post","type-post","status-publish","format-standard","has-post-thumbnail","hentry","category-politica"],"jetpack_publicize_connections":[],"_links":{"self":[{"href":"https:\/\/diariorepublica.com.ar\/web\/index.php\/wp-json\/wp\/v2\/posts\/18373"}],"collection":[{"href":"https:\/\/diariorepublica.com.ar\/web\/index.php\/wp-json\/wp\/v2\/posts"}],"about":[{"href":"https:\/\/diariorepublica.com.ar\/web\/index.php\/wp-json\/wp\/v2\/types\/post"}],"author":[{"embeddable":true,"href":"https:\/\/diariorepublica.com.ar\/web\/index.php\/wp-json\/wp\/v2\/users\/1"}],"replies":[{"embeddable":true,"href":"https:\/\/diariorepublica.com.ar\/web\/index.php\/wp-json\/wp\/v2\/comments?post=18373"}],"version-history":[{"count":1,"href":"https:\/\/diariorepublica.com.ar\/web\/index.php\/wp-json\/wp\/v2\/posts\/18373\/revisions"}],"predecessor-version":[{"id":18375,"href":"https:\/\/diariorepublica.com.ar\/web\/index.php\/wp-json\/wp\/v2\/posts\/18373\/revisions\/18375"}],"wp:featuredmedia":[{"embeddable":true,"href":"https:\/\/diariorepublica.com.ar\/web\/index.php\/wp-json\/wp\/v2\/media\/18374"}],"wp:attachment":[{"href":"https:\/\/diariorepublica.com.ar\/web\/index.php\/wp-json\/wp\/v2\/media?parent=18373"}],"wp:term":[{"taxonomy":"category","embeddable":true,"href":"https:\/\/diariorepublica.com.ar\/web\/index.php\/wp-json\/wp\/v2\/categories?post=18373"},{"taxonomy":"post_tag","embeddable":true,"href":"https:\/\/diariorepublica.com.ar\/web\/index.php\/wp-json\/wp\/v2\/tags?post=18373"}],"curies":[{"name":"wp","href":"https:\/\/api.w.org\/{rel}","templated":true}]}}