{"id":18394,"date":"2024-09-16T11:25:00","date_gmt":"2024-09-16T14:25:00","guid":{"rendered":"https:\/\/diariorepublica.com.ar\/web\/?p=18394"},"modified":"2024-09-16T10:26:29","modified_gmt":"2024-09-16T13:26:29","slug":"el-ente-regulador-atendera-en-las-juntas","status":"publish","type":"post","link":"https:\/\/diariorepublica.com.ar\/web\/index.php\/sociedad\/2024\/09\/16\/el-ente-regulador-atendera-en-las-juntas\/","title":{"rendered":"El Ente Regulador atender\u00e1 en Las Juntas"},"content":{"rendered":"<p>El Ente Regulador de Servicios P\u00fablicos de Catamarca informa que este martes 17 de septiembre personal de la Direcci\u00f3n de Denuncias y Reclamos estar\u00e1 presente en localidad de Las Juntas donde ofrecer\u00e1 asesoramiento general a los vecinos.<\/p>\n<p>La atenci\u00f3n ser\u00e1 en el edificio municipal en el horario de 8.30 a 12.30 horas, y los usuarios podr\u00e1n realizar consultas sobre el subsidio nacional a la energ\u00eda el\u00e9ctrica, facturaci\u00f3n del servicio, composici\u00f3n de la factura, y recepci\u00f3n de reclamos, entre otros tr\u00e1mites.<\/p>\n<p>Se solicita concurrir con factura del servicio, DNI y una direcci\u00f3n de correo electr\u00f3nico.<\/p>\n","protected":false},"excerpt":{"rendered":"<p>El Ente Regulador de Servicios P\u00fablicos de Catamarca informa que este martes 17 de septiembre personal de la Direcci\u00f3n de<\/p>\n","protected":false},"author":1,"featured_media":18395,"comment_status":"closed","ping_status":"closed","sticky":false,"template":"","format":"standard","meta":{"footnotes":"","jetpack_publicize_message":"","jetpack_publicize_feature_enabled":true,"jetpack_social_post_already_shared":true,"jetpack_social_options":{"image_generator_settings":{"template":"highway","enabled":false},"version":2}},"categories":[3],"tags":[],"class_list":["post-18394","post","type-post","status-publish","format-standard","has-post-thumbnail","hentry","category-sociedad"],"jetpack_publicize_connections":[],"_links":{"self":[{"href":"https:\/\/diariorepublica.com.ar\/web\/index.php\/wp-json\/wp\/v2\/posts\/18394"}],"collection":[{"href":"https:\/\/diariorepublica.com.ar\/web\/index.php\/wp-json\/wp\/v2\/posts"}],"about":[{"href":"https:\/\/diariorepublica.com.ar\/web\/index.php\/wp-json\/wp\/v2\/types\/post"}],"author":[{"embeddable":true,"href":"https:\/\/diariorepublica.com.ar\/web\/index.php\/wp-json\/wp\/v2\/users\/1"}],"replies":[{"embeddable":true,"href":"https:\/\/diariorepublica.com.ar\/web\/index.php\/wp-json\/wp\/v2\/comments?post=18394"}],"version-history":[{"count":1,"href":"https:\/\/diariorepublica.com.ar\/web\/index.php\/wp-json\/wp\/v2\/posts\/18394\/revisions"}],"predecessor-version":[{"id":18396,"href":"https:\/\/diariorepublica.com.ar\/web\/index.php\/wp-json\/wp\/v2\/posts\/18394\/revisions\/18396"}],"wp:featuredmedia":[{"embeddable":true,"href":"https:\/\/diariorepublica.com.ar\/web\/index.php\/wp-json\/wp\/v2\/media\/18395"}],"wp:attachment":[{"href":"https:\/\/diariorepublica.com.ar\/web\/index.php\/wp-json\/wp\/v2\/media?parent=18394"}],"wp:term":[{"taxonomy":"category","embeddable":true,"href":"https:\/\/diariorepublica.com.ar\/web\/index.php\/wp-json\/wp\/v2\/categories?post=18394"},{"taxonomy":"post_tag","embeddable":true,"href":"https:\/\/diariorepublica.com.ar\/web\/index.php\/wp-json\/wp\/v2\/tags?post=18394"}],"curies":[{"name":"wp","href":"https:\/\/api.w.org\/{rel}","templated":true}]}}