{"id":18406,"date":"2024-09-16T12:00:00","date_gmt":"2024-09-16T15:00:00","guid":{"rendered":"https:\/\/diariorepublica.com.ar\/web\/?p=18406"},"modified":"2024-09-16T12:36:32","modified_gmt":"2024-09-16T15:36:32","slug":"la-hermana-de-fabiola-yanez-declaro-en-la-causa-contra-alberto-fernandez","status":"publish","type":"post","link":"https:\/\/diariorepublica.com.ar\/web\/index.php\/nacionales\/2024\/09\/16\/la-hermana-de-fabiola-yanez-declaro-en-la-causa-contra-alberto-fernandez\/","title":{"rendered":"La hermana de Fabiola Ya\u00f1ez declar\u00f3 en la causa contra Alberto Fern\u00e1ndez"},"content":{"rendered":"<p>La hermana de Fabiola Ya\u00f1ez, Tamara Ya\u00f1ez, se present\u00f3 esta ma\u00f1ana a los tribunales federales de Retiro para declarar como testigo en la causa que investiga por presunta violencia de g\u00e9nero al ex presidente Alberto Fern\u00e1ndez,\u00a0<strong>y aport\u00f3 precisiones sobre c\u00f3mo se llev\u00f3 a cabo un aborto la ex primera dama en 2016, el cual, seg\u00fan la acusaci\u00f3n, habr\u00eda sido instigado por el ex mandatario.\u00a0<\/strong><\/p>\n<p>As\u00ed lo inform\u00f3 uno de los abogados de la querella de Fabiola, Mauricio D&#8217;Alessandro, al salir del despacho del fiscal federal Ramiro Gonz\u00e1lez, donde hasta media ma\u00f1ana continuaba la declaraci\u00f3n de Tamara.<\/p>\n<p><i><strong>\u00abDio precisiones respecto a qui\u00e9n pidi\u00f3 hacer el aborto, por qu\u00e9 lo pidi\u00f3<\/strong><\/i>\u00ab, explic\u00f3 a la prensa en relaci\u00f3n a ese hecho que seg\u00fan denunci\u00f3 Fabiola ocurri\u00f3 en 2016 y que se produjo a instancias de su entonces pareja.<\/p>\n<p>D&#8217;Alessandro asisti\u00f3 a la declaraci\u00f3n de la testigo, ya que es parte de la querella junto a la abogada Mariana Gallego.<\/p>\n<p>En declaraciones a los medios en el quinto piso de Comodoro Py 2002, sede de la fiscal\u00eda, el abogado explic\u00f3 que la testigo daba precisiones sobre c\u00f3mo ocurri\u00f3 el aborto de su hermana en 2016.<\/p>\n<p><strong>La declaraci\u00f3n de Tamara fue pedida por la abogada de la ex primera dama, Mariana Gallego<\/strong>\u00a0y sumar\u00eda evidencia relativa a la acusaci\u00f3n que pesa sobre el ex presidente, vinculada a presuntos golpes a Fabiola, adem\u00e1s de episodios de supuesto hostigamiento y maltrato mientras fueron pareja.<\/p>\n<div class=\"article-body\" data-tadevel-template=\"web\/article-body\">\n<div class=\"article-body-content\">\n<p>En un primer momento, la hermana de Fabiola estaba convocada para el pasado viernes, pero la abogada defensora de Alberto Fern\u00e1ndez, Silvina Carreira, pidi\u00f3 reprogramar la declaraci\u00f3n por cuestiones de su agenda como letrada.<\/p>\n<p>Lo hizo en el mismo escrito que present\u00f3 a la fiscal\u00eda en el que pidi\u00f3 once medidas de prueba y anex\u00f3 fotograf\u00edas e im\u00e1genes de actividades oficiales de la querellante en el per\u00edodo en el que denunci\u00f3 haber sido golpeada, junio de 2021.<\/p>\n<p><strong>La defensa aport\u00f3 im\u00e1genes de la participaci\u00f3n de Ya\u00f1ez el 30 de junio de 2021 desde Olivos<\/strong>\u00a0en el \u00abForo P\u00fablico de G\u00e9nero\u00bb de la ONU donde \u00abpuede apreciarse el buen estado de salud de la se\u00f1ora Ya\u00f1ez sin presencia de moret\u00f3n alguno en su rostro\u00bb, argument\u00f3.<\/p>\n<p>En la investigaci\u00f3n debe declarar a\u00fan la ex amiga de Fabiola y ex empleada de Presidencia\u00a0<strong>Sof\u00eda Pachi<\/strong>, cuya citaci\u00f3n se posterg\u00f3 por razones de salud y a\u00fan no tiene nueva fecha<br \/>\nAdem\u00e1s, el fiscal tiene que resolver si cita a los testigos que aport\u00f3 la defensa del ex Presidente y que dejaron su testimonio en una escriban\u00eda.<\/p>\n<p>Los sobres con sus dichos identificados por letras se entregaron al fiscal y quedaron abiertos ante todas las partes esta semana sin que se haya tomado a\u00fan una decisi\u00f3n al respecto.<\/p>\n<p>El fiscal resolvi\u00f3 enviar exhortos a Espa\u00f1a, donde reside en la actualidad Fabiola junto a su madre, Miriam Verdugo, para que esta \u00faltima declare a la distancia y para que la Justicia de ese pa\u00eds supervise la extracci\u00f3n de datos del tel\u00e9fono celular de Ya\u00f1ez y el env\u00edo de esa informaci\u00f3n a la Argentina.<\/p>\n<\/div>\n<\/div>\n<div class=\"top style-scope view-comment-preview\">\n<div class=\"title style-scope view-comment-preview\">NA<\/div>\n<\/div>\n","protected":false},"excerpt":{"rendered":"<p>La hermana de Fabiola Ya\u00f1ez, Tamara Ya\u00f1ez, se present\u00f3 esta ma\u00f1ana a los tribunales federales de Retiro para declarar como<\/p>\n","protected":false},"author":1,"featured_media":18407,"comment_status":"closed","ping_status":"closed","sticky":false,"template":"","format":"standard","meta":{"footnotes":"","jetpack_publicize_message":"","jetpack_publicize_feature_enabled":true,"jetpack_social_post_already_shared":true,"jetpack_social_options":{"image_generator_settings":{"template":"highway","enabled":false},"version":2}},"categories":[4],"tags":[],"class_list":["post-18406","post","type-post","status-publish","format-standard","has-post-thumbnail","hentry","category-nacionales"],"jetpack_publicize_connections":[],"_links":{"self":[{"href":"https:\/\/diariorepublica.com.ar\/web\/index.php\/wp-json\/wp\/v2\/posts\/18406"}],"collection":[{"href":"https:\/\/diariorepublica.com.ar\/web\/index.php\/wp-json\/wp\/v2\/posts"}],"about":[{"href":"https:\/\/diariorepublica.com.ar\/web\/index.php\/wp-json\/wp\/v2\/types\/post"}],"author":[{"embeddable":true,"href":"https:\/\/diariorepublica.com.ar\/web\/index.php\/wp-json\/wp\/v2\/users\/1"}],"replies":[{"embeddable":true,"href":"https:\/\/diariorepublica.com.ar\/web\/index.php\/wp-json\/wp\/v2\/comments?post=18406"}],"version-history":[{"count":1,"href":"https:\/\/diariorepublica.com.ar\/web\/index.php\/wp-json\/wp\/v2\/posts\/18406\/revisions"}],"predecessor-version":[{"id":18408,"href":"https:\/\/diariorepublica.com.ar\/web\/index.php\/wp-json\/wp\/v2\/posts\/18406\/revisions\/18408"}],"wp:featuredmedia":[{"embeddable":true,"href":"https:\/\/diariorepublica.com.ar\/web\/index.php\/wp-json\/wp\/v2\/media\/18407"}],"wp:attachment":[{"href":"https:\/\/diariorepublica.com.ar\/web\/index.php\/wp-json\/wp\/v2\/media?parent=18406"}],"wp:term":[{"taxonomy":"category","embeddable":true,"href":"https:\/\/diariorepublica.com.ar\/web\/index.php\/wp-json\/wp\/v2\/categories?post=18406"},{"taxonomy":"post_tag","embeddable":true,"href":"https:\/\/diariorepublica.com.ar\/web\/index.php\/wp-json\/wp\/v2\/tags?post=18406"}],"curies":[{"name":"wp","href":"https:\/\/api.w.org\/{rel}","templated":true}]}}