{"id":18409,"date":"2024-09-16T17:43:59","date_gmt":"2024-09-16T20:43:59","guid":{"rendered":"https:\/\/diariorepublica.com.ar\/web\/?p=18409"},"modified":"2024-09-16T17:44:00","modified_gmt":"2024-09-16T20:44:00","slug":"aguas-de-catamarca-solicito-actualizar-la-tarifa","status":"publish","type":"post","link":"https:\/\/diariorepublica.com.ar\/web\/index.php\/sociedad\/2024\/09\/16\/aguas-de-catamarca-solicito-actualizar-la-tarifa\/","title":{"rendered":"Aguas de Catamarca solicit\u00f3 actualizar la tarifa"},"content":{"rendered":"<p>La empresa Aguas de Catamarca SAPEM solicit\u00f3 al Ente Regulador de Servicios P\u00fablicos y Otras Concesiones de Catamarca (En.Re.) actualizar la tarifa, por lo que el Organismo de contralor, en funci\u00f3n de sus atribuciones legales, convoc\u00f3 a una Audiencia P\u00fablica para el pr\u00f3ximo 27 de Septiembre a las 9.30 horas en la sede el En.Re. ubicada en Sarmiento 890.<\/p>\n<p>El prop\u00f3sito de la misma es determinar si tal pedido se ajusta a las disposiciones de la Ley 4963, al Contrato de Concesi\u00f3n y al inter\u00e9s p\u00fablico.<\/p>\n<p>Las inscripciones para ser legitimados como Expositores o Disertantes se podr\u00e1n realizar desde el 18 al 24 de septiembre, de lunes a viernes en el horario de 8 a 12 horas, sin excepci\u00f3n. Las mismas se podr\u00e1n concretar de manera personal en las oficinas del En.Re. en Sarmiento 890 de esta Capital, o tambi\u00e9n a trav\u00e9s de la p\u00e1gina en Internet\u00a0<a href=\"mailto:enre.catamarca.gob.ar\" target=\"_blank\" rel=\"noopener\"><b>enre.catamarca.gob.ar<\/b><\/a>.<b><\/b><\/p>\n<p>Es obligaci\u00f3n presentar datos del interesado; constituir domicilio en la ciudad de San Fernando del Valle de Catamarca; adjuntar una direcci\u00f3n de correo electr\u00f3nico para notificaciones; indicar y acreditar su personer\u00eda si actuara en representaci\u00f3n; expresar su pretensi\u00f3n en el tema a debatir; y acompa\u00f1ar documentaci\u00f3n y prueba ofrecida.<\/p>\n<p>La audiencia p\u00fablica es de acceso libre para todos los usuarios y usuarias y ser\u00e1 transmitida por Youtube.<\/p>\n","protected":false},"excerpt":{"rendered":"<p>La empresa Aguas de Catamarca SAPEM solicit\u00f3 al Ente Regulador de Servicios P\u00fablicos y Otras Concesiones de Catamarca (En.Re.) actualizar<\/p>\n","protected":false},"author":1,"featured_media":18410,"comment_status":"closed","ping_status":"closed","sticky":false,"template":"","format":"standard","meta":{"footnotes":"","jetpack_publicize_message":"","jetpack_publicize_feature_enabled":true,"jetpack_social_post_already_shared":true,"jetpack_social_options":{"image_generator_settings":{"template":"highway","enabled":false},"version":2}},"categories":[3],"tags":[],"class_list":["post-18409","post","type-post","status-publish","format-standard","has-post-thumbnail","hentry","category-sociedad"],"jetpack_publicize_connections":[],"_links":{"self":[{"href":"https:\/\/diariorepublica.com.ar\/web\/index.php\/wp-json\/wp\/v2\/posts\/18409"}],"collection":[{"href":"https:\/\/diariorepublica.com.ar\/web\/index.php\/wp-json\/wp\/v2\/posts"}],"about":[{"href":"https:\/\/diariorepublica.com.ar\/web\/index.php\/wp-json\/wp\/v2\/types\/post"}],"author":[{"embeddable":true,"href":"https:\/\/diariorepublica.com.ar\/web\/index.php\/wp-json\/wp\/v2\/users\/1"}],"replies":[{"embeddable":true,"href":"https:\/\/diariorepublica.com.ar\/web\/index.php\/wp-json\/wp\/v2\/comments?post=18409"}],"version-history":[{"count":1,"href":"https:\/\/diariorepublica.com.ar\/web\/index.php\/wp-json\/wp\/v2\/posts\/18409\/revisions"}],"predecessor-version":[{"id":18411,"href":"https:\/\/diariorepublica.com.ar\/web\/index.php\/wp-json\/wp\/v2\/posts\/18409\/revisions\/18411"}],"wp:featuredmedia":[{"embeddable":true,"href":"https:\/\/diariorepublica.com.ar\/web\/index.php\/wp-json\/wp\/v2\/media\/18410"}],"wp:attachment":[{"href":"https:\/\/diariorepublica.com.ar\/web\/index.php\/wp-json\/wp\/v2\/media?parent=18409"}],"wp:term":[{"taxonomy":"category","embeddable":true,"href":"https:\/\/diariorepublica.com.ar\/web\/index.php\/wp-json\/wp\/v2\/categories?post=18409"},{"taxonomy":"post_tag","embeddable":true,"href":"https:\/\/diariorepublica.com.ar\/web\/index.php\/wp-json\/wp\/v2\/tags?post=18409"}],"curies":[{"name":"wp","href":"https:\/\/api.w.org\/{rel}","templated":true}]}}