{"id":18412,"date":"2024-09-16T17:46:49","date_gmt":"2024-09-16T20:46:49","guid":{"rendered":"https:\/\/diariorepublica.com.ar\/web\/?p=18412"},"modified":"2024-09-16T17:46:52","modified_gmt":"2024-09-16T20:46:52","slug":"se-retiraron-tres-canes-de-las-fuerzas-de-seguridad","status":"publish","type":"post","link":"https:\/\/diariorepublica.com.ar\/web\/index.php\/locales\/2024\/09\/16\/se-retiraron-tres-canes-de-las-fuerzas-de-seguridad\/","title":{"rendered":"Se retiraron tres canes de las fuerzas de Seguridad"},"content":{"rendered":"<p>En un acto realizado en la Escuela de Cadetes \u00abTte. Juan Domingo Per\u00f3n\u00bb, el gobernador Ra\u00fal Jalil, junto a las ministras de Seguridad, Fabiola Segura, y de Econom\u00eda, Alejandra Nazareno, particip\u00f3 en la entrega de nuevos elementos de seguridad destinados a diversas \u00e1reas de la Polic\u00eda Provincial y el reconocimiento a tres canes que se retiraron de las fuerzas.<\/p>\n<p>Las autoridades realizaron un emotivo reconocimiento a los canes Turbo, Dana y Sander, que se retiraron de la Divisi\u00f3n Drogas Peligrosas tras a\u00f1os de servicio, y dieron la bienvenida a los nuevos miembros caninos de las fuerzas: Jack, L\u00eda e India, que se incorporan para continuar las tareas de seguridad y prevenci\u00f3n.<\/p>\n<p>La ceremonia cont\u00f3 con la presencia del jefe y subjefe de la Polic\u00eda, autoridades de la plana mayor en general, representantes de las fuerzas de seguridad y p\u00fablico en general.<\/p>\n<p>Por otra parte, en lo que respecta a los equipos entregados, se beneficiar\u00e1n a \u00e1reas claves como la Divisi\u00f3n Homicidios, Trata de Personas, Comisar\u00edas, Drogas Peligrosas y la Brigada de Lucha contra Incendios Forestales. Entre los elementos entregados se incluyen: motocicletas Benelli TKR 499.6 C.C, c\u00e1maras GoPro, notebooks, cascos protectores, c\u00e1maras fotogr\u00e1ficas, botas, guantes, antiparras, machetes, escudos, balanzas.<\/p>\n<p>El acto culmin\u00f3 con un reconocimiento especial a Carlos Zamora, jefe del \u00e1rea t\u00e9cnica de incendios, quien fue seleccionado para una beca internacional, en la que solo tres cupos fueron destinados a Argentina y un total de 20 a nivel latinoamericano, destacando su compromiso y profesionalismo en la lucha contra incendios forestales.<\/p>\n","protected":false},"excerpt":{"rendered":"<p>En un acto realizado en la Escuela de Cadetes \u00abTte. Juan Domingo Per\u00f3n\u00bb, el gobernador Ra\u00fal Jalil, junto a las<\/p>\n","protected":false},"author":1,"featured_media":18413,"comment_status":"closed","ping_status":"closed","sticky":false,"template":"","format":"standard","meta":{"footnotes":"","jetpack_publicize_message":"","jetpack_publicize_feature_enabled":true,"jetpack_social_post_already_shared":true,"jetpack_social_options":{"image_generator_settings":{"template":"highway","enabled":false},"version":2}},"categories":[2],"tags":[],"class_list":["post-18412","post","type-post","status-publish","format-standard","has-post-thumbnail","hentry","category-locales"],"jetpack_publicize_connections":[],"_links":{"self":[{"href":"https:\/\/diariorepublica.com.ar\/web\/index.php\/wp-json\/wp\/v2\/posts\/18412"}],"collection":[{"href":"https:\/\/diariorepublica.com.ar\/web\/index.php\/wp-json\/wp\/v2\/posts"}],"about":[{"href":"https:\/\/diariorepublica.com.ar\/web\/index.php\/wp-json\/wp\/v2\/types\/post"}],"author":[{"embeddable":true,"href":"https:\/\/diariorepublica.com.ar\/web\/index.php\/wp-json\/wp\/v2\/users\/1"}],"replies":[{"embeddable":true,"href":"https:\/\/diariorepublica.com.ar\/web\/index.php\/wp-json\/wp\/v2\/comments?post=18412"}],"version-history":[{"count":1,"href":"https:\/\/diariorepublica.com.ar\/web\/index.php\/wp-json\/wp\/v2\/posts\/18412\/revisions"}],"predecessor-version":[{"id":18414,"href":"https:\/\/diariorepublica.com.ar\/web\/index.php\/wp-json\/wp\/v2\/posts\/18412\/revisions\/18414"}],"wp:featuredmedia":[{"embeddable":true,"href":"https:\/\/diariorepublica.com.ar\/web\/index.php\/wp-json\/wp\/v2\/media\/18413"}],"wp:attachment":[{"href":"https:\/\/diariorepublica.com.ar\/web\/index.php\/wp-json\/wp\/v2\/media?parent=18412"}],"wp:term":[{"taxonomy":"category","embeddable":true,"href":"https:\/\/diariorepublica.com.ar\/web\/index.php\/wp-json\/wp\/v2\/categories?post=18412"},{"taxonomy":"post_tag","embeddable":true,"href":"https:\/\/diariorepublica.com.ar\/web\/index.php\/wp-json\/wp\/v2\/tags?post=18412"}],"curies":[{"name":"wp","href":"https:\/\/api.w.org\/{rel}","templated":true}]}}