{"id":18415,"date":"2024-09-16T17:48:23","date_gmt":"2024-09-16T20:48:23","guid":{"rendered":"https:\/\/diariorepublica.com.ar\/web\/?p=18415"},"modified":"2024-09-16T17:48:25","modified_gmt":"2024-09-16T20:48:25","slug":"reunion-de-guillermo-francos-y-luis-caputo-con-los-gobernadores-por-el-presupuesto","status":"publish","type":"post","link":"https:\/\/diariorepublica.com.ar\/web\/index.php\/politica\/2024\/09\/16\/reunion-de-guillermo-francos-y-luis-caputo-con-los-gobernadores-por-el-presupuesto\/","title":{"rendered":"Reuni\u00f3n de Guillermo Francos y Luis Caputo con los gobernadores por el Presupuesto"},"content":{"rendered":"<article id=\"article-post\" class=\"first\">\n<div class=\"cuerpo\" data-twitter-link=\"https:\/\/twitter.com\/intent\/tweet?url=https:\/\/www.diariopopular.com.ar\/c806102&amp;via=poopulardiario&amp;related=Popular&amp;text=\">\n<p><strong>El jefe de Gabinete, Guillermo Francos,<\/strong>\u00a0encabezaba en la tarde de este lunes junto al<strong>\u00a0ministro de Econom\u00eda, Luis Caputo<\/strong>, una reuni\u00f3n con gobernadores para analizar detalles del proyecto de\u00a0ley de\u00a0<strong>Presupuesto 2025\u00a0<\/strong>que el oficialismo envi\u00f3 al Congreso.<\/p>\n<\/div>\n<\/article>\n<article id=\"article-post\">\n<div class=\"cuerpo\" data-twitter-link=\"https:\/\/twitter.com\/intent\/tweet?url=https:\/\/www.diariopopular.com.ar\/c806102&amp;via=poopulardiario&amp;related=Popular&amp;text=\">\n<p>La mayor\u00eda de los mandatarios provinciales participaron del encuentro por teleconferencia, aunque algunos concurrieron a Casa Rosada.<\/p>\n<p>Asistieron a la Casa de Gobierno los gobernadores de Entre R\u00edos,<strong>\u00a0Rogelio Frigerio,<\/strong>\u00a0y de Misiones,<strong>\u00a0Hugo Passalacqua,<\/strong>\u00a0quien estuvo acompa\u00f1ado por su ministro de Hacienda,\u00a0<strong>Adolfo Safr\u00e1n.<\/strong><\/p>\n<p>Por videoconferencia se conectaron los mandatarios provinciales Ra\u00fal Jalil (Catamarca), Leandro Zdero (Chaco), Ignacio Torres (Chubut), Carlos Sadir (Jujuy), Alfredo Cornejo (Mendoza), Alberto Weretilneck (R\u00edo Negro), Gustavo S\u00e1enz (Salta), Marcelo Orrego (San Juan), Claudio Poggi (San Luis), Claudio Vidal (Santa Cruz), Maximiliano Pullaro (Santa Fe), Gerardo Zamora (Santiago del Estero), Osvaldo Jaldo (Tucum\u00e1n) y Sergio Ziliotto (La Pampa).<\/p>\n<p>En tanto, en representaci\u00f3n de la Ciudad Aut\u00f3noma de Buenos Aires estuvo el jefe de Gabinete del gobierno porte\u00f1o, N\u00e9stor Grindetti, y por C\u00f3rdoba se sum\u00f3 la vicegobernadora, Myrian Prunotto.<\/p>\n<p>El ministro de Hacienda de Corrientes, Marcelo Rivas, particip\u00f3 en representaci\u00f3n de su provincia; mientras que por Neuqu\u00e9n hizo lo propio el ministro de Econom\u00eda, Producci\u00f3n e Industria, Guillermo Koenig.<\/p>\n<p>No asistieron ni se conectaron a la reuni\u00f3n los cuatro gobernadores m\u00e1s opositores a la gesti\u00f3n de Javier Milei, que son del peronismo y espacios aliados: Axel Kicillof (Buenos Aires), Ricardo Quintela (La Rioja), Gildo Insfr\u00e1n (Formosa) y Gustavo Mellella (Tierra del Fuego).<\/p>\n<p>Tambi\u00e9n fueron parte del encuentro el vicejefe de Gabinete del Interior, Lisandro Catal\u00e1n; el vicejefe de Gabinete Ejecutivo, Jos\u00e9 Rolandi; y el secretario de Hacienda, Carlos Guberman.<\/p>\n<p class=\"\" data-mrf-recirculation=\"Links inline\">La reuni\u00f3n se produjo poco despu\u00e9s de que el presidente Javier Milei, en pleno Congreso y por Cadena Nacional, les reclamara a los mandatarios que avancen con un ajuste tambi\u00e9n en sus provincias para colaborar con las cuentas del pa\u00eds.<\/p>\n<p class=\"\" data-mrf-recirculation=\"Links inline\">\u201cA los gobernadores les digo, cumplir el compromiso de bajar el gasto p\u00fablico consolidado a 25 puntos del PBI requiere que las provincias en su conjunto hagan un ajuste adicional de 60 mil millones de d\u00f3lares. Nosotros ya hemos cumplido nuestra parte del acuerdo, ahora faltan ustedes\u201d, exclam\u00f3 el Presidente.<\/p>\n<\/div>\n<\/article>\n","protected":false},"excerpt":{"rendered":"<p>El jefe de Gabinete, Guillermo Francos,\u00a0encabezaba en la tarde de este lunes junto al\u00a0ministro de Econom\u00eda, Luis Caputo, una reuni\u00f3n<\/p>\n","protected":false},"author":1,"featured_media":18416,"comment_status":"closed","ping_status":"closed","sticky":false,"template":"","format":"standard","meta":{"footnotes":"","jetpack_publicize_message":"","jetpack_publicize_feature_enabled":true,"jetpack_social_post_already_shared":true,"jetpack_social_options":{"image_generator_settings":{"template":"highway","enabled":false},"version":2}},"categories":[12],"tags":[],"class_list":["post-18415","post","type-post","status-publish","format-standard","has-post-thumbnail","hentry","category-politica"],"jetpack_publicize_connections":[],"_links":{"self":[{"href":"https:\/\/diariorepublica.com.ar\/web\/index.php\/wp-json\/wp\/v2\/posts\/18415"}],"collection":[{"href":"https:\/\/diariorepublica.com.ar\/web\/index.php\/wp-json\/wp\/v2\/posts"}],"about":[{"href":"https:\/\/diariorepublica.com.ar\/web\/index.php\/wp-json\/wp\/v2\/types\/post"}],"author":[{"embeddable":true,"href":"https:\/\/diariorepublica.com.ar\/web\/index.php\/wp-json\/wp\/v2\/users\/1"}],"replies":[{"embeddable":true,"href":"https:\/\/diariorepublica.com.ar\/web\/index.php\/wp-json\/wp\/v2\/comments?post=18415"}],"version-history":[{"count":1,"href":"https:\/\/diariorepublica.com.ar\/web\/index.php\/wp-json\/wp\/v2\/posts\/18415\/revisions"}],"predecessor-version":[{"id":18417,"href":"https:\/\/diariorepublica.com.ar\/web\/index.php\/wp-json\/wp\/v2\/posts\/18415\/revisions\/18417"}],"wp:featuredmedia":[{"embeddable":true,"href":"https:\/\/diariorepublica.com.ar\/web\/index.php\/wp-json\/wp\/v2\/media\/18416"}],"wp:attachment":[{"href":"https:\/\/diariorepublica.com.ar\/web\/index.php\/wp-json\/wp\/v2\/media?parent=18415"}],"wp:term":[{"taxonomy":"category","embeddable":true,"href":"https:\/\/diariorepublica.com.ar\/web\/index.php\/wp-json\/wp\/v2\/categories?post=18415"},{"taxonomy":"post_tag","embeddable":true,"href":"https:\/\/diariorepublica.com.ar\/web\/index.php\/wp-json\/wp\/v2\/tags?post=18415"}],"curies":[{"name":"wp","href":"https:\/\/api.w.org\/{rel}","templated":true}]}}