{"id":18421,"date":"2024-09-16T15:50:00","date_gmt":"2024-09-16T18:50:00","guid":{"rendered":"https:\/\/diariorepublica.com.ar\/web\/?p=18421"},"modified":"2024-09-16T17:52:10","modified_gmt":"2024-09-16T20:52:10","slug":"la-ucr-sanciono-a-los-diputados-que-apoyaron-el-veto-de-javier-milei","status":"publish","type":"post","link":"https:\/\/diariorepublica.com.ar\/web\/index.php\/politica\/2024\/09\/16\/la-ucr-sanciono-a-los-diputados-que-apoyaron-el-veto-de-javier-milei\/","title":{"rendered":"La UCR sancion\u00f3 a los diputados que apoyaron el veto de Javier Milei"},"content":{"rendered":"<article id=\"article-post\" class=\"first\">\n<div class=\"cuerpo\" data-twitter-link=\"https:\/\/twitter.com\/intent\/tweet?url=https:\/\/www.diariopopular.com.ar\/c806099&amp;via=poopulardiario&amp;related=Popular&amp;text=\">\n<p class=\"\" data-mrf-recirculation=\"Links inline\">Cuatro de los cinco diputados que integran el bloque radical y acompa\u00f1aron el\u00a0<strong>veto a la Ley de Movilidad Jubilatoria impulsado por el presidente Javier Milei<\/strong>, en lo que fue un accionar clave para que el Gobierno pudiera dejar sin efecto el incremento para los jubilados otorgado por el Congreso, fueron sancionados por la conducci\u00f3n del centenario partido.<\/p>\n<\/div>\n<\/article>\n<article id=\"article-post\">\n<div class=\"cuerpo\" data-twitter-link=\"https:\/\/twitter.com\/intent\/tweet?url=https:\/\/www.diariopopular.com.ar\/c806099&amp;via=poopulardiario&amp;related=Popular&amp;text=\">\n<p class=\"\" data-mrf-recirculation=\"Links inline\">A trav\u00e9s de una comunicaci\u00f3n oficial, la UCR inform\u00f3 que durante un encuentro virtual de la mesa directiva de la Convenci\u00f3n Nacional este lunes se hab\u00eda tomado la decisi\u00f3n\u00a0<strong>dejar en suspenso la afiliaci\u00f3n partidaria de Mariano Campero, Mart\u00edn Arjol, Luis Picat y Pablo Cervi<\/strong>. La medida no afect\u00f3 a\u00a0<strong>Jos\u00e9 Federico Tournier<\/strong> porque, pese a integrar el bloque de la UCR en la C\u00e1mara Baja y a haber votado como sus compa\u00f1eros, no cuenta con una ficha de afiliaci\u00f3n.<\/p>\n<p class=\"\" data-mrf-recirculation=\"Links inline\">El grupo de legisladores se diferenci\u00f3 de la postura que hab\u00edan planteado inicialmente sus correligionarios\u00a0<strong>luego de mantener una reuni\u00f3n con Milei<\/strong>. Esa decisi\u00f3n dispar\u00f3 el malestar hacia adentro de los \u00f3rganos partidarios. La Convenci\u00f3n Nacional, presidida por\u00a0<strong>Gast\u00f3n Manes<\/strong>\u00a0(hermano del diputado y referente del radicalismo bonaerense\u00a0<strong>Facundo Manes<\/strong>) hab\u00eda adelantado antes de la votaci\u00f3n que los disidentes sufrir\u00edan sanciones si optaban por apoyar al oficialismo.<\/p>\n<p class=\"\" data-mrf-recirculation=\"Links inline\">La reuni\u00f3n de este lunes se efectu\u00f3 v\u00eda Zoom. Seg\u00fan confirmaron fuentes citadas por Infobae,\u00a0<strong>la decisi\u00f3n de castigar a los diputados se llev\u00f3 adelante seg\u00fan lo previsto<\/strong>. El resto del bloque, en tanto, tambi\u00e9n hab\u00eda manifestado por escrito, en un documento, el enojo existente con el grupo de los cinco disidentes.<\/p>\n<p class=\"\" data-mrf-recirculation=\"Links inline\">\u201cLos\/las diputados y diputadas del bloque de la Uni\u00f3n C\u00edvica Radical expresamos nuestro malestar y repudio con la actitud adoptada por cinco diputados integrantes de nuestro bloque que rompieron un acuerdo un\u00e1nime y cambiaron su voto para acompa\u00f1ar el veto total del Gobierno a la ley previsional, causando as\u00ed un da\u00f1o sobre la credibilidad y \u00e9tica de sus posiciones del radicalismo frente a la ciudadan\u00eda\u201d, expres\u00f3 un fragmento del texto firmado por los otros miembros del espacio,\u00a0<strong>Facundo Manes, Manuel Aguirre, Marcela Antola, Fernando Carbajal, Ana Carla Carrizo, Mariela Coletta, Marcela Coli, Pablo Juliano, Juan Carlos Polini, Jorge Rizzotti y Danya Tavela.<\/strong><\/p>\n<p class=\"\" data-mrf-recirculation=\"Links inline\">Adem\u00e1s, se inform\u00f3 que\u00a0<strong>la Convenci\u00f3n Nacional remitir\u00e1 al Tribunal de Conducta del partido la situaci\u00f3n de Roxana Reyes y Gerardo Cipolini, los dos legisladores del bloque que si bien no votaron en contra de la ley se ausentaron durante el debate.<\/strong><\/p>\n<p class=\"\" data-mrf-recirculation=\"Links inline\">El Congreso de la Naci\u00f3n, tanto en la C\u00e1mara de Diputados como en la de Senadores hab\u00eda convertido en ley un ajuste para las jubilaciones. Pero luego\u00a0<strong>desde el Poder Ejecutivo se dispuso el veto de la norma<\/strong>, argumentando que afectar\u00eda la base de su pol\u00edtica econ\u00f3mica, el super\u00e1vit fiscal.<\/p>\n<p class=\"\" data-mrf-recirculation=\"Links inline\">En medio de esa discusi\u00f3n, los bloques opositores intentaron insistir en la imposici\u00f3n de la ley para recomponer los haberes de los jubilados.\u00a0<strong>Para esa ratificaci\u00f3n necesitaba los dos tercios del total de los votos, esto es, 162 votos<\/strong>. Tanto las votaciones en contra como las ausencias fueron funcionales al objetivo del Gobierno, que finalmente logr\u00f3 vetar la ley.<\/p>\n<\/div>\n<\/article>\n","protected":false},"excerpt":{"rendered":"<p>Cuatro de los cinco diputados que integran el bloque radical y acompa\u00f1aron el\u00a0veto a la Ley de Movilidad Jubilatoria impulsado<\/p>\n","protected":false},"author":1,"featured_media":18422,"comment_status":"closed","ping_status":"closed","sticky":false,"template":"","format":"standard","meta":{"footnotes":"","jetpack_publicize_message":"","jetpack_publicize_feature_enabled":true,"jetpack_social_post_already_shared":true,"jetpack_social_options":{"image_generator_settings":{"template":"highway","enabled":false},"version":2}},"categories":[12],"tags":[],"class_list":["post-18421","post","type-post","status-publish","format-standard","has-post-thumbnail","hentry","category-politica"],"jetpack_publicize_connections":[],"_links":{"self":[{"href":"https:\/\/diariorepublica.com.ar\/web\/index.php\/wp-json\/wp\/v2\/posts\/18421"}],"collection":[{"href":"https:\/\/diariorepublica.com.ar\/web\/index.php\/wp-json\/wp\/v2\/posts"}],"about":[{"href":"https:\/\/diariorepublica.com.ar\/web\/index.php\/wp-json\/wp\/v2\/types\/post"}],"author":[{"embeddable":true,"href":"https:\/\/diariorepublica.com.ar\/web\/index.php\/wp-json\/wp\/v2\/users\/1"}],"replies":[{"embeddable":true,"href":"https:\/\/diariorepublica.com.ar\/web\/index.php\/wp-json\/wp\/v2\/comments?post=18421"}],"version-history":[{"count":1,"href":"https:\/\/diariorepublica.com.ar\/web\/index.php\/wp-json\/wp\/v2\/posts\/18421\/revisions"}],"predecessor-version":[{"id":18423,"href":"https:\/\/diariorepublica.com.ar\/web\/index.php\/wp-json\/wp\/v2\/posts\/18421\/revisions\/18423"}],"wp:featuredmedia":[{"embeddable":true,"href":"https:\/\/diariorepublica.com.ar\/web\/index.php\/wp-json\/wp\/v2\/media\/18422"}],"wp:attachment":[{"href":"https:\/\/diariorepublica.com.ar\/web\/index.php\/wp-json\/wp\/v2\/media?parent=18421"}],"wp:term":[{"taxonomy":"category","embeddable":true,"href":"https:\/\/diariorepublica.com.ar\/web\/index.php\/wp-json\/wp\/v2\/categories?post=18421"},{"taxonomy":"post_tag","embeddable":true,"href":"https:\/\/diariorepublica.com.ar\/web\/index.php\/wp-json\/wp\/v2\/tags?post=18421"}],"curies":[{"name":"wp","href":"https:\/\/api.w.org\/{rel}","templated":true}]}}