{"id":18495,"date":"2024-09-19T07:27:54","date_gmt":"2024-09-19T10:27:54","guid":{"rendered":"https:\/\/diariorepublica.com.ar\/web\/?p=18495"},"modified":"2024-09-19T07:27:56","modified_gmt":"2024-09-19T10:27:56","slug":"feria-de-primavera-con-artesanias-diseno-y-musica","status":"publish","type":"post","link":"https:\/\/diariorepublica.com.ar\/web\/index.php\/sociedad\/2024\/09\/19\/feria-de-primavera-con-artesanias-diseno-y-musica\/","title":{"rendered":"Feria de Primavera, con artesan\u00edas, dise\u00f1o y m\u00fasica"},"content":{"rendered":"<p>M\u00e1s de 100 dise\u00f1adores y artesanos de la provincia se postularon en la convocatoria de la del Ministerio de Cultura, Turismo y Deporte para participar en la Feria de Primavera, Artesan\u00edas &amp; Dise\u00f1o que se realizar\u00e1 el pr\u00f3ximo s\u00e1bado 21 de septiembre, de 17 a 22 horas, en la Casa de la Cultura (San Mart\u00edn 533), en el marco de la reapertura de Tienda C.<\/p>\n<p>Durante el evento habr\u00e1 40 puestos con artesan\u00edas, manualidades, objetos de dise\u00f1o, una cervecer\u00eda y cafeter\u00eda con opciones para degustar. La feria permitir\u00e1 a los visitantes adquirir productos de factura local, realizados por creativos catamarque\u00f1os.<\/p>\n<p>Para cerrar la feria, la m\u00fasica vendr\u00e1 de la mano del d\u00fao Carrizo Saavedra que incluir\u00e1 en su repertorio composiciones de su autor\u00eda con mezcla de jazz, rock y alternativa, que describen lugares caracter\u00edsticos como Humaya, Jumeal y Ambato.<\/p>\n<p>En coincidencia con la feria se realizar\u00e1 tambi\u00e9n la reapertura de Tienda C, que fue relocalizada y refuncionalizada para mejorar el espacio de comercializaci\u00f3n que, desde 2022, permite que productores culturales y dise\u00f1adores de toda la provincia vendan sus libros, m\u00fasica, objetos de arte y dise\u00f1o, indumentaria, accesorios de autor, y artesan\u00edas innovadoras.<\/p>\n<p>La Feria est\u00e1 organizada por la Secretar\u00eda de Gesti\u00f3n Cultural y la Direcci\u00f3n de Artesan\u00edas de la Provincia.<\/p>\n","protected":false},"excerpt":{"rendered":"<p>M\u00e1s de 100 dise\u00f1adores y artesanos de la provincia se postularon en la convocatoria de la del Ministerio de Cultura,<\/p>\n","protected":false},"author":1,"featured_media":18497,"comment_status":"closed","ping_status":"closed","sticky":false,"template":"","format":"standard","meta":{"footnotes":"","jetpack_publicize_message":"","jetpack_publicize_feature_enabled":true,"jetpack_social_post_already_shared":true,"jetpack_social_options":{"image_generator_settings":{"template":"highway","enabled":false},"version":2}},"categories":[3],"tags":[],"class_list":["post-18495","post","type-post","status-publish","format-standard","has-post-thumbnail","hentry","category-sociedad"],"jetpack_publicize_connections":[],"_links":{"self":[{"href":"https:\/\/diariorepublica.com.ar\/web\/index.php\/wp-json\/wp\/v2\/posts\/18495"}],"collection":[{"href":"https:\/\/diariorepublica.com.ar\/web\/index.php\/wp-json\/wp\/v2\/posts"}],"about":[{"href":"https:\/\/diariorepublica.com.ar\/web\/index.php\/wp-json\/wp\/v2\/types\/post"}],"author":[{"embeddable":true,"href":"https:\/\/diariorepublica.com.ar\/web\/index.php\/wp-json\/wp\/v2\/users\/1"}],"replies":[{"embeddable":true,"href":"https:\/\/diariorepublica.com.ar\/web\/index.php\/wp-json\/wp\/v2\/comments?post=18495"}],"version-history":[{"count":1,"href":"https:\/\/diariorepublica.com.ar\/web\/index.php\/wp-json\/wp\/v2\/posts\/18495\/revisions"}],"predecessor-version":[{"id":18498,"href":"https:\/\/diariorepublica.com.ar\/web\/index.php\/wp-json\/wp\/v2\/posts\/18495\/revisions\/18498"}],"wp:featuredmedia":[{"embeddable":true,"href":"https:\/\/diariorepublica.com.ar\/web\/index.php\/wp-json\/wp\/v2\/media\/18497"}],"wp:attachment":[{"href":"https:\/\/diariorepublica.com.ar\/web\/index.php\/wp-json\/wp\/v2\/media?parent=18495"}],"wp:term":[{"taxonomy":"category","embeddable":true,"href":"https:\/\/diariorepublica.com.ar\/web\/index.php\/wp-json\/wp\/v2\/categories?post=18495"},{"taxonomy":"post_tag","embeddable":true,"href":"https:\/\/diariorepublica.com.ar\/web\/index.php\/wp-json\/wp\/v2\/tags?post=18495"}],"curies":[{"name":"wp","href":"https:\/\/api.w.org\/{rel}","templated":true}]}}