{"id":18517,"date":"2024-09-19T07:34:00","date_gmt":"2024-09-19T10:34:00","guid":{"rendered":"https:\/\/diariorepublica.com.ar\/web\/?p=18517"},"modified":"2024-09-19T08:36:31","modified_gmt":"2024-09-19T11:36:31","slug":"explosiones-en-el-libano-hezbollah-confirmo-la-muerte-de-sus-20-integrantes","status":"publish","type":"post","link":"https:\/\/diariorepublica.com.ar\/web\/index.php\/internacionales\/2024\/09\/19\/explosiones-en-el-libano-hezbollah-confirmo-la-muerte-de-sus-20-integrantes\/","title":{"rendered":"Explosiones en el L\u00edbano:\u00a0Hezbollah confirm\u00f3 la muerte de sus 20 integrantes"},"content":{"rendered":"<p>Las explosiones que se produjeron en el L\u00edbano dejaron un saldo de 20 integrantes de Hezbollah muertos, tal como inform\u00f3 la agrupaci\u00f3n chi\u00ed liban\u00e9s este jueves. La segunda tanda de estallidos tuvo a los handies como protagonistas, por lo que volvi\u00f3 a tomar de sorpresa a los integrantes de la milicia en distintos puntos del L\u00edbano.<\/p>\n<p>A trav\u00e9s de algunos comunicados, el grupo confirm\u00f3 la muerte de 20 personas que formaban parte de sus filas en distintos puntos del pa\u00eds, todos bajo el control de Hezbollah. La mayor\u00eda de los fallecimientos se produjeron en la regi\u00f3n meridional y del oriental Valle de la Bekaa.<\/p>\n<p>Dentro de la lista aparece un menor de edad, nacido en 2008, seg\u00fan se\u00f1alan los datos acercados por el movimiento pol\u00edtico y armado. De todos modos, no dieron detalles de c\u00f3mo se produjo su muerte, aunque queda claro por cuestiones de fechas que est\u00e1n vinculados con las explosiones de handies y otros dispositivos de comunicaci\u00f3n en el L\u00edbano.<\/p>\n<p>Los \u00faltimos datos entregados por el Ministerio de Salud del L\u00edbano se\u00f1alan que los estallidos del mi\u00e9rcoles dejaron 20 muertos y m\u00e1s de 450 heridos a lo largo del pa\u00eds.<\/p>\n<p>Todo ello se produjo apenas 24 horas despu\u00e9s de que una primera ola de explosiones en buscapersonas en manos de miembros de Hezbollah dejara otras doce v\u00edctimas mortales, entre ellos dos ni\u00f1os, y unos 2.800 heridos, incluidos civiles, seg\u00fan el ministro liban\u00e9s de Salud P\u00fablica, Firas Abiad.<\/p>\n<p>El movimiento liban\u00e9s todav\u00eda no se ha pronunciado sobre la \u00faltima tanda de explosiones, despu\u00e9s de atribuir la primera a Israel, con quien se enfrentan en un intenso fuego cruzado desde hace casi un a\u00f1o en el marco de la guerra de Gaza.<\/p>\n<p>Est\u00e1 previsto que el l\u00edder del grupo, Has\u00e1n Nasrala, pronuncie un discurso televisado este jueves sobre las 17 hora local, el primero desde los sucesos, y en medio de renovados temores al estallido de una guerra abierta entre Hezbollah y el Estado jud\u00edo.<\/p>\n","protected":false},"excerpt":{"rendered":"<p>Las explosiones que se produjeron en el L\u00edbano dejaron un saldo de 20 integrantes de Hezbollah muertos, tal como inform\u00f3<\/p>\n","protected":false},"author":1,"featured_media":18518,"comment_status":"closed","ping_status":"closed","sticky":false,"template":"","format":"standard","meta":{"footnotes":"","jetpack_publicize_message":"","jetpack_publicize_feature_enabled":true,"jetpack_social_post_already_shared":true,"jetpack_social_options":{"image_generator_settings":{"template":"highway","enabled":false},"version":2}},"categories":[6],"tags":[],"class_list":["post-18517","post","type-post","status-publish","format-standard","has-post-thumbnail","hentry","category-internacionales"],"jetpack_publicize_connections":[],"_links":{"self":[{"href":"https:\/\/diariorepublica.com.ar\/web\/index.php\/wp-json\/wp\/v2\/posts\/18517"}],"collection":[{"href":"https:\/\/diariorepublica.com.ar\/web\/index.php\/wp-json\/wp\/v2\/posts"}],"about":[{"href":"https:\/\/diariorepublica.com.ar\/web\/index.php\/wp-json\/wp\/v2\/types\/post"}],"author":[{"embeddable":true,"href":"https:\/\/diariorepublica.com.ar\/web\/index.php\/wp-json\/wp\/v2\/users\/1"}],"replies":[{"embeddable":true,"href":"https:\/\/diariorepublica.com.ar\/web\/index.php\/wp-json\/wp\/v2\/comments?post=18517"}],"version-history":[{"count":1,"href":"https:\/\/diariorepublica.com.ar\/web\/index.php\/wp-json\/wp\/v2\/posts\/18517\/revisions"}],"predecessor-version":[{"id":18519,"href":"https:\/\/diariorepublica.com.ar\/web\/index.php\/wp-json\/wp\/v2\/posts\/18517\/revisions\/18519"}],"wp:featuredmedia":[{"embeddable":true,"href":"https:\/\/diariorepublica.com.ar\/web\/index.php\/wp-json\/wp\/v2\/media\/18518"}],"wp:attachment":[{"href":"https:\/\/diariorepublica.com.ar\/web\/index.php\/wp-json\/wp\/v2\/media?parent=18517"}],"wp:term":[{"taxonomy":"category","embeddable":true,"href":"https:\/\/diariorepublica.com.ar\/web\/index.php\/wp-json\/wp\/v2\/categories?post=18517"},{"taxonomy":"post_tag","embeddable":true,"href":"https:\/\/diariorepublica.com.ar\/web\/index.php\/wp-json\/wp\/v2\/tags?post=18517"}],"curies":[{"name":"wp","href":"https:\/\/api.w.org\/{rel}","templated":true}]}}