{"id":18532,"date":"2024-09-19T10:46:00","date_gmt":"2024-09-19T13:46:00","guid":{"rendered":"https:\/\/diariorepublica.com.ar\/web\/?p=18532"},"modified":"2024-09-19T09:58:09","modified_gmt":"2024-09-19T12:58:09","slug":"san-lorenzo-le-pidio-la-renuncia-a-ortigoza-tras-la-difusion-de-videos-en-los-que-maltrata-a-su-expareja","status":"publish","type":"post","link":"https:\/\/diariorepublica.com.ar\/web\/index.php\/deportes\/2024\/09\/19\/san-lorenzo-le-pidio-la-renuncia-a-ortigoza-tras-la-difusion-de-videos-en-los-que-maltrata-a-su-expareja\/","title":{"rendered":"San Lorenzo le pidi\u00f3 la renuncia a Ortigoza tras la difusi\u00f3n de videos en los que maltrata a su expareja"},"content":{"rendered":"<p class=\"paragraph\">La Comisi\u00f3n Directiva de<b>\u00a0San Lorenzo<\/b>\u00a0<b>pidi\u00f3 la renuncia de N\u00e9stor Ortigoza<\/b>, vocal del club, despu\u00e9s de que se conocieran\u00a0<b>videos en lo que agrede a su expareja en la que ser\u00eda la casa de ambos.\u00a0<\/b>El exfutbolista hab\u00eda sido denunciado por violencia de g\u00e9nero por la mujer en el mes de agosto.<\/p>\n<p class=\"paragraph\">\u201cA ra\u00edz de los hechos de p\u00fablico conocimiento que lo vinculan con situaciones de violencia por razones de g\u00e9nero, el bloque oficialista mayoritario de la Comisi\u00f3n Directiva de San Lorenzo decide exigirle al vocal titular N\u00e9stor Ezequiel Ortigoza que\u00a0<b>presente su renuncia al cargo, ya que su accionar no representa los valores por los que vela nuestra instituci\u00f3n\u201d<\/b>, comunicaron en las redes sociales oficiales del club.<\/p>\n<figure class=\"\" data-testid=\"figure-testid\">\n<div class=\"aspect_ratio__container\"><picture class=\"responsive-image\"><source srcset=\"https:\/\/tn.com.ar\/resizer\/v2\/el-comunicado-de-san-lorenzo-tras-la-difusion-de-videos-de-nestor-ortigoza-en-los-que-se-lo-ve-maltratando-a-su-expareja-foto-sanlorenzox-O34DLTKA5RDCHFTZP66SJCEKLE.jpeg?auth=110d7666e700b7dc878b78457ba1d634e33271b9cb4a8eb46dd56379bc718c59&amp;width=767\" type=\"image\/jpg\" media=\"(max-width: 728px)\" \/><source srcset=\"https:\/\/tn.com.ar\/resizer\/v2\/el-comunicado-de-san-lorenzo-tras-la-difusion-de-videos-de-nestor-ortigoza-en-los-que-se-lo-ve-maltratando-a-su-expareja-foto-sanlorenzox-O34DLTKA5RDCHFTZP66SJCEKLE.jpeg?auth=110d7666e700b7dc878b78457ba1d634e33271b9cb4a8eb46dd56379bc718c59&amp;width=1023\" type=\"image\/jpg\" media=\"(max-width: 1023px)\" \/><source srcset=\"https:\/\/tn.com.ar\/resizer\/v2\/el-comunicado-de-san-lorenzo-tras-la-difusion-de-videos-de-nestor-ortigoza-en-los-que-se-lo-ve-maltratando-a-su-expareja-foto-sanlorenzox-O34DLTKA5RDCHFTZP66SJCEKLE.jpeg?auth=110d7666e700b7dc878b78457ba1d634e33271b9cb4a8eb46dd56379bc718c59&amp;width=1440\" type=\"image\/jpg\" \/><img loading=\"lazy\" decoding=\"async\" class=\"image content-image image_placeholder\" src=\"https:\/\/tn.com.ar\/resizer\/v2\/el-comunicado-de-san-lorenzo-tras-la-difusion-de-videos-de-nestor-ortigoza-en-los-que-se-lo-ve-maltratando-a-su-expareja-foto-sanlorenzox-O34DLTKA5RDCHFTZP66SJCEKLE.jpeg?auth=110d7666e700b7dc878b78457ba1d634e33271b9cb4a8eb46dd56379bc718c59&amp;width=767\" alt=\"El comunicado de San Lorenzo tras la difusi\u00f3n de videos de N\u00e9stor Ortigoza en los que se lo ve maltratando a su expareja. (Foto: Sanlorenzo\/X)\" width=\"767\" height=\"1251\" data-testid=\"loading-testid\" \/><\/picture><\/div><figcaption class=\"caption_image\" data-testid=\"figcaption-testid\">\n<div class=\"image_caption\">El comunicado de San Lorenzo tras la difusi\u00f3n de videos de N\u00e9stor Ortigoza en los que se lo ve maltratando a su expareja. (Foto: Sanlorenzo\/X)<\/div>\n<\/figcaption><\/figure>\n<p class=\"paragraph\"><b>Ortigoza hab\u00eda llegado al club de la mano del presidente Marcelo Moretti y se hab\u00eda convertido en el secretario t\u00e9cnico<\/b>. Sin embargo, despu\u00e9s de algunos cruces con el dirigente fue desplazado del cargo y se convirti\u00f3 en vocal.<\/p>\n<p class=\"paragraph\">\u201cLe agradezco a N\u00e9stor por siempre haberme acompa\u00f1ado, pero, a partirde ahora, va a seguir desde otro lugar.\u00a0<b>Ortigoza no es un mal muchacho, pero le falta formaci\u00f3n para el cargo\u201d<\/b>, hab\u00eda disparado Moretti antes de sacar al exfutbolista del su cargo de manager.<\/p>\n","protected":false},"excerpt":{"rendered":"<p>La Comisi\u00f3n Directiva de\u00a0San Lorenzo\u00a0pidi\u00f3 la renuncia de N\u00e9stor Ortigoza, vocal del club, despu\u00e9s de que se conocieran\u00a0videos en lo<\/p>\n","protected":false},"author":1,"featured_media":18533,"comment_status":"closed","ping_status":"closed","sticky":false,"template":"","format":"standard","meta":{"footnotes":"","jetpack_publicize_message":"","jetpack_publicize_feature_enabled":true,"jetpack_social_post_already_shared":true,"jetpack_social_options":{"image_generator_settings":{"template":"highway","enabled":false},"version":2}},"categories":[9],"tags":[],"class_list":["post-18532","post","type-post","status-publish","format-standard","has-post-thumbnail","hentry","category-deportes"],"jetpack_publicize_connections":[],"_links":{"self":[{"href":"https:\/\/diariorepublica.com.ar\/web\/index.php\/wp-json\/wp\/v2\/posts\/18532"}],"collection":[{"href":"https:\/\/diariorepublica.com.ar\/web\/index.php\/wp-json\/wp\/v2\/posts"}],"about":[{"href":"https:\/\/diariorepublica.com.ar\/web\/index.php\/wp-json\/wp\/v2\/types\/post"}],"author":[{"embeddable":true,"href":"https:\/\/diariorepublica.com.ar\/web\/index.php\/wp-json\/wp\/v2\/users\/1"}],"replies":[{"embeddable":true,"href":"https:\/\/diariorepublica.com.ar\/web\/index.php\/wp-json\/wp\/v2\/comments?post=18532"}],"version-history":[{"count":1,"href":"https:\/\/diariorepublica.com.ar\/web\/index.php\/wp-json\/wp\/v2\/posts\/18532\/revisions"}],"predecessor-version":[{"id":18534,"href":"https:\/\/diariorepublica.com.ar\/web\/index.php\/wp-json\/wp\/v2\/posts\/18532\/revisions\/18534"}],"wp:featuredmedia":[{"embeddable":true,"href":"https:\/\/diariorepublica.com.ar\/web\/index.php\/wp-json\/wp\/v2\/media\/18533"}],"wp:attachment":[{"href":"https:\/\/diariorepublica.com.ar\/web\/index.php\/wp-json\/wp\/v2\/media?parent=18532"}],"wp:term":[{"taxonomy":"category","embeddable":true,"href":"https:\/\/diariorepublica.com.ar\/web\/index.php\/wp-json\/wp\/v2\/categories?post=18532"},{"taxonomy":"post_tag","embeddable":true,"href":"https:\/\/diariorepublica.com.ar\/web\/index.php\/wp-json\/wp\/v2\/tags?post=18532"}],"curies":[{"name":"wp","href":"https:\/\/api.w.org\/{rel}","templated":true}]}}