{"id":18551,"date":"2024-09-20T07:40:01","date_gmt":"2024-09-20T10:40:01","guid":{"rendered":"https:\/\/diariorepublica.com.ar\/web\/?p=18551"},"modified":"2024-09-20T07:40:03","modified_gmt":"2024-09-20T10:40:03","slug":"colapinto-quedo-11o-en-las-fp-de-la-f1-en-singapur","status":"publish","type":"post","link":"https:\/\/diariorepublica.com.ar\/web\/index.php\/deportes\/2024\/09\/20\/colapinto-quedo-11o-en-las-fp-de-la-f1-en-singapur\/","title":{"rendered":"Colapinto qued\u00f3 11\u00ba en las FP de la F1 en Singapur"},"content":{"rendered":"<p><b>Franco Colapinto\u00a0<\/b>har\u00e1 su estreno este fin de semana en el\u00a0<b>Gran Premio de Singapur,<\/b>\u00a0que se disputa en el circuito callejero de Marina Bay, correspondiente a una nueva jornada de la F\u00f3rmula 1. El piloto de 21 a\u00f1os<b>\u00a0afronta este viernes las pr\u00e1cticas libres<\/b>\u00a0luego del hist\u00f3rico resultado que obtuvo en Bak\u00fa, donde finaliz\u00f3 octavo y sum\u00f3 cuatro puntos para el campeonato.<\/p>\n<p>En la FP1, el argentino supo estar en la cuarta plaza, pero concluy\u00f3 en la onceava posici\u00f3n a menos de dos d\u00e9cimas de su compa\u00f1ero Alex Albon. Ahora, desde las 10 de la ma\u00f1ana de Argentina, se viene la FP2.<\/p>\n<p>Este viernes tuvo su primer contacto con el circuito callejero de Singapur en la primera pr\u00e1ctica libre. Luego de permanecer en los boxes de Williams durante unos minutos, cuatro m\u00e1s precisamente, el argentino sali\u00f3 al asfalto y en su primera vuelta cronometrada logr\u00f3 un tiempo alto de 1m38s770, pero sali\u00f3 ileso de los muros, quedando en el puesto 18\u00b0.<\/p>\n<p>No obstante, el oriundo de Pilar fue tomando confianza en Marina Bay logrando obtener un tiempo de 1m35s285 que lo ubic\u00f3 entre los mejores, a poco m\u00e1s de un segundo de la punta, acomod\u00e1ndose en la s\u00e9ptima plaza. Luego de que Colapinto vuelva al box para hidratarse ante la intensa humedad que suma al calor de la ciudad y para que los mec\u00e1nicos de la escuder\u00eda trabajen en el auto, el argentino lleg\u00f3 a estar cuarto a menos de dos d\u00e9cimas de su compa\u00f1ero Albon y a 453 mil\u00e9simas de Lando Norris, quien se encontraba en la punta.<\/p>\n<p>Sin embargo, Franco baj\u00f3 el ritmo con neum\u00e1ticos medio y tanque lleno, qued\u00f3 a menos de dos d\u00e9cimas del otro Williams, mientras que los tiempos dir\u00e1n que qued\u00f3 11\u00b0, a 855 mil\u00e9simas del Ferrari de Charles Leclerc, el mejor de la FP1.<\/p>\n","protected":false},"excerpt":{"rendered":"<p>Franco Colapinto\u00a0har\u00e1 su estreno este fin de semana en el\u00a0Gran Premio de Singapur,\u00a0que se disputa en el circuito callejero de<\/p>\n","protected":false},"author":1,"featured_media":18552,"comment_status":"closed","ping_status":"closed","sticky":false,"template":"","format":"standard","meta":{"footnotes":"","jetpack_publicize_message":"","jetpack_publicize_feature_enabled":true,"jetpack_social_post_already_shared":true,"jetpack_social_options":{"image_generator_settings":{"template":"highway","enabled":false},"version":2}},"categories":[9],"tags":[],"class_list":["post-18551","post","type-post","status-publish","format-standard","has-post-thumbnail","hentry","category-deportes"],"jetpack_publicize_connections":[],"_links":{"self":[{"href":"https:\/\/diariorepublica.com.ar\/web\/index.php\/wp-json\/wp\/v2\/posts\/18551"}],"collection":[{"href":"https:\/\/diariorepublica.com.ar\/web\/index.php\/wp-json\/wp\/v2\/posts"}],"about":[{"href":"https:\/\/diariorepublica.com.ar\/web\/index.php\/wp-json\/wp\/v2\/types\/post"}],"author":[{"embeddable":true,"href":"https:\/\/diariorepublica.com.ar\/web\/index.php\/wp-json\/wp\/v2\/users\/1"}],"replies":[{"embeddable":true,"href":"https:\/\/diariorepublica.com.ar\/web\/index.php\/wp-json\/wp\/v2\/comments?post=18551"}],"version-history":[{"count":1,"href":"https:\/\/diariorepublica.com.ar\/web\/index.php\/wp-json\/wp\/v2\/posts\/18551\/revisions"}],"predecessor-version":[{"id":18553,"href":"https:\/\/diariorepublica.com.ar\/web\/index.php\/wp-json\/wp\/v2\/posts\/18551\/revisions\/18553"}],"wp:featuredmedia":[{"embeddable":true,"href":"https:\/\/diariorepublica.com.ar\/web\/index.php\/wp-json\/wp\/v2\/media\/18552"}],"wp:attachment":[{"href":"https:\/\/diariorepublica.com.ar\/web\/index.php\/wp-json\/wp\/v2\/media?parent=18551"}],"wp:term":[{"taxonomy":"category","embeddable":true,"href":"https:\/\/diariorepublica.com.ar\/web\/index.php\/wp-json\/wp\/v2\/categories?post=18551"},{"taxonomy":"post_tag","embeddable":true,"href":"https:\/\/diariorepublica.com.ar\/web\/index.php\/wp-json\/wp\/v2\/tags?post=18551"}],"curies":[{"name":"wp","href":"https:\/\/api.w.org\/{rel}","templated":true}]}}