{"id":18618,"date":"2024-09-23T00:26:00","date_gmt":"2024-09-23T03:26:00","guid":{"rendered":"https:\/\/diariorepublica.com.ar\/web\/?p=18618"},"modified":"2024-09-23T07:28:09","modified_gmt":"2024-09-23T10:28:09","slug":"miguel-angel-pichetto-cruzo-al-papa-francisco-le-hace-un-dano-increible-a-la-argentina","status":"publish","type":"post","link":"https:\/\/diariorepublica.com.ar\/web\/index.php\/politica\/2024\/09\/23\/miguel-angel-pichetto-cruzo-al-papa-francisco-le-hace-un-dano-increible-a-la-argentina\/","title":{"rendered":"Miguel \u00c1ngel Pichetto cruz\u00f3 al Papa Francisco: \u00abLe hace un da\u00f1o incre\u00edble a la Argentina\u00bb"},"content":{"rendered":"<p>El jefe del bloque de Diputados de Innovaci\u00f3n Federal Miguel \u00c1ngel Pichetto sali\u00f3 al cruce del Papa Francisco este domingo. En una dura respuesta, el legislador de la oposici\u00f3n dialoguista aseegur\u00f3 que las cr\u00edtica la cr\u00edtica del Sumo Pont\u00edfice al gobierno de Javier Milei es \u201cabsurda\u201d, al mismo tiempo que sostuvo que desde el Vaticano \u00able hace un da\u00f1o incre\u00edble a la Argentina\u00bb.<\/p>\n<p>\u201c(El Papa) avanz\u00f3 un paso m\u00e1s. En general, sus manifestaciones eran m\u00e1s de corte pastoral, ambiguas, nunca tan claras sobre el desarrollo de la pol\u00edtica local. Es un hecho nuevo\u201d, plante\u00f3 en declaraciones a Radio Rivadavia.<\/p>\n<p>\u00abHay una construcci\u00f3n de una agenda por parte del Papa que es totalmente absurda, que le hace un da\u00f1o incre\u00edble a Argentina. Esta agenda indigenista, incre\u00edble\u00bb enfatiz\u00f3 Pichetto.<\/p>\n<p>Para Pichetto, los cuestionamientos a Julio Argentino Roca fueron \u201csin sentido\u201d y esconden el reclamo de la Iglesia al expresidente por impulsar el Estado laico. \u201cLa Iglesia no perdona esta mirada laica de Roca, creador de la ley 1.420 de la Educaci\u00f3n P\u00fablica. Es el que le saca a la Iglesia la inscripci\u00f3n del nacimiento y de la defunci\u00f3n. No s\u00e9 qu\u00e9 discute. Hoy quiz\u00e1s la Patagonia hubiera estado en manos de la rep\u00fablica hermana de Chile\u201d, argument\u00f3.<\/p>\n<p>\u201cHay letras de algunos sectores que adem\u00e1s han sido bien tratados por el gobierno actual\u201d, se\u00f1al\u00f3 respecto al contenido del discurso del Papa Francisco en el marco del Encuentro Mundial de Movimientos Populares.<\/p>\n<p>Asimismo, el legislador plante\u00f3 que la m\u00e1xima autoridad de la Iglesia \u201cno puede hacer ese tipo de manifestaciones\u201d, ya que cuando \u201cbaja al terreno de la pol\u00edtica se fragiliza\u201d. \u201cSu tiempo cronol\u00f3gico se acorta y vamos a ver si viene a la Argentina y con qu\u00e9 mensaje viene. No puede ser que haya recorrido el mundo y no haya venido nunca. Son estos secretos del Vaticano que son insondables\u201d, cuestion\u00f3.<\/p>\n<p>ambito.com<\/p>\n","protected":false},"excerpt":{"rendered":"<p>El jefe del bloque de Diputados de Innovaci\u00f3n Federal Miguel \u00c1ngel Pichetto sali\u00f3 al cruce del Papa Francisco este domingo.<\/p>\n","protected":false},"author":1,"featured_media":18619,"comment_status":"closed","ping_status":"closed","sticky":false,"template":"","format":"standard","meta":{"footnotes":"","jetpack_publicize_message":"","jetpack_publicize_feature_enabled":true,"jetpack_social_post_already_shared":true,"jetpack_social_options":{"image_generator_settings":{"template":"highway","enabled":false},"version":2}},"categories":[12],"tags":[],"class_list":["post-18618","post","type-post","status-publish","format-standard","has-post-thumbnail","hentry","category-politica"],"jetpack_publicize_connections":[],"_links":{"self":[{"href":"https:\/\/diariorepublica.com.ar\/web\/index.php\/wp-json\/wp\/v2\/posts\/18618"}],"collection":[{"href":"https:\/\/diariorepublica.com.ar\/web\/index.php\/wp-json\/wp\/v2\/posts"}],"about":[{"href":"https:\/\/diariorepublica.com.ar\/web\/index.php\/wp-json\/wp\/v2\/types\/post"}],"author":[{"embeddable":true,"href":"https:\/\/diariorepublica.com.ar\/web\/index.php\/wp-json\/wp\/v2\/users\/1"}],"replies":[{"embeddable":true,"href":"https:\/\/diariorepublica.com.ar\/web\/index.php\/wp-json\/wp\/v2\/comments?post=18618"}],"version-history":[{"count":1,"href":"https:\/\/diariorepublica.com.ar\/web\/index.php\/wp-json\/wp\/v2\/posts\/18618\/revisions"}],"predecessor-version":[{"id":18620,"href":"https:\/\/diariorepublica.com.ar\/web\/index.php\/wp-json\/wp\/v2\/posts\/18618\/revisions\/18620"}],"wp:featuredmedia":[{"embeddable":true,"href":"https:\/\/diariorepublica.com.ar\/web\/index.php\/wp-json\/wp\/v2\/media\/18619"}],"wp:attachment":[{"href":"https:\/\/diariorepublica.com.ar\/web\/index.php\/wp-json\/wp\/v2\/media?parent=18618"}],"wp:term":[{"taxonomy":"category","embeddable":true,"href":"https:\/\/diariorepublica.com.ar\/web\/index.php\/wp-json\/wp\/v2\/categories?post=18618"},{"taxonomy":"post_tag","embeddable":true,"href":"https:\/\/diariorepublica.com.ar\/web\/index.php\/wp-json\/wp\/v2\/tags?post=18618"}],"curies":[{"name":"wp","href":"https:\/\/api.w.org\/{rel}","templated":true}]}}