{"id":18624,"date":"2024-09-23T07:31:19","date_gmt":"2024-09-23T10:31:19","guid":{"rendered":"https:\/\/diariorepublica.com.ar\/web\/?p=18624"},"modified":"2024-09-23T07:31:21","modified_gmt":"2024-09-23T10:31:21","slug":"diana-mondino-confirmo-que-argentina-no-participara-del-pacto-del-futuro-firmado-por-193-paises","status":"publish","type":"post","link":"https:\/\/diariorepublica.com.ar\/web\/index.php\/nacionales\/2024\/09\/23\/diana-mondino-confirmo-que-argentina-no-participara-del-pacto-del-futuro-firmado-por-193-paises\/","title":{"rendered":"Diana Mondino confirm\u00f3 que Argentina no participar\u00e1 del Pacto del Futuro, firmado por 193 pa\u00edses"},"content":{"rendered":"<p>La canciller Diana Mondino habl\u00f3 este domingo ante la 79\u00b0 Asamblea General de las Naciones Unidas (ONU) y adelant\u00f3 que Argentina no se sumar\u00e1 al Pacto del Futuro, un acuerdo que propone 56 \u00abacciones\u00bb para hacer frente a los \u00abmayores desaf\u00edos de \u00e9poca\u00bb que fue firmado por 193 pa\u00edses.<\/p>\n<p>Durante su discurso, la funcionaria explic\u00f3 que \u00abmuchos de los puntos de este pacto con sus anexos presentan reservas y objeciones o son retardatarios de la nueva agenda de Argentina\u00bb.<\/p>\n<article class=\"article-body article-body--third-paragraph content-protected-false\">En ese sentido, y en cuanto a la decisi\u00f3n de no plegarse al acuerdo de naciones,\u00a0<strong>Mondino<\/strong>\u00a0agreg\u00f3: \u00abEstos documentos se vienen trabajando desde 2022, con otro gobierno, y el actual gobierno argentino<strong>\u00a0se encontr\u00f3 con negociaciones ya avanzadas<\/strong>. A\u00fan as\u00ed, propusimos<strong>\u00a0diversas acciones constructivas que no siempre fueron tomadas en cuenta y eso nos lleva a disociarnos<\/strong>\u00ab, se\u00f1al\u00f3.<\/p>\n<\/article>\n<article class=\"article-body article-body--fourth-paragraph content-protected-false\">A su vez, cuestion\u00f3 que \u00abagendas como \u00e9sta est\u00e1n\u00a0<strong>compuestas por aspiraciones que jur\u00eddicamente no son vinculantes<\/strong>\u00bb y sostuvo que el camino para afrontar los desaf\u00edos de la actualidad no deben estar construidos alrededor de la \u00abret\u00f3rica\u00bb sino \u00abs\u00f3lo trabajo, trabajo y m\u00e1s trabajo. Es la mejor o la \u00fanica opci\u00f3n\u00bb, remarc\u00f3 la Canciller.<\/p>\n<\/article>\n<article class=\"article-body article-body--remaining-paragraph content-protected-false\">El\u00a0<strong>Pacto del Futuro fue adoptado este domingo por los 193 Estados miembros de la ONU, pero ahora la Argentina se desenganchar\u00e1.<\/strong><\/p>\n<p>El proyecto prev\u00e9\u00a0<strong>56 acciones para hacer frente a los \u00abmayores desaf\u00edos de la \u00e9poca\u00bb<\/strong>, entre los que incluye el\u00a0<strong>mantenimiento de la paz, el cambio clim\u00e1tico y las potenciales amenazas de la inteligencia artificial (IA).<\/strong><\/p>\n<p>Adem\u00e1s de Argentina, los otros pa\u00edses que decidieron no firmar el Pacto del Futuro fueron\u00a0<strong>Rusia, Venezuela, Nicaragua, Corea del Norte y Bielorrusia.<\/strong><\/p>\n<p>ambito.com<\/p>\n<\/article>\n","protected":false},"excerpt":{"rendered":"<p>La canciller Diana Mondino habl\u00f3 este domingo ante la 79\u00b0 Asamblea General de las Naciones Unidas (ONU) y adelant\u00f3 que<\/p>\n","protected":false},"author":1,"featured_media":18625,"comment_status":"closed","ping_status":"closed","sticky":false,"template":"","format":"standard","meta":{"footnotes":"","jetpack_publicize_message":"","jetpack_publicize_feature_enabled":true,"jetpack_social_post_already_shared":true,"jetpack_social_options":{"image_generator_settings":{"template":"highway","enabled":false},"version":2}},"categories":[4],"tags":[],"class_list":["post-18624","post","type-post","status-publish","format-standard","has-post-thumbnail","hentry","category-nacionales"],"jetpack_publicize_connections":[],"_links":{"self":[{"href":"https:\/\/diariorepublica.com.ar\/web\/index.php\/wp-json\/wp\/v2\/posts\/18624"}],"collection":[{"href":"https:\/\/diariorepublica.com.ar\/web\/index.php\/wp-json\/wp\/v2\/posts"}],"about":[{"href":"https:\/\/diariorepublica.com.ar\/web\/index.php\/wp-json\/wp\/v2\/types\/post"}],"author":[{"embeddable":true,"href":"https:\/\/diariorepublica.com.ar\/web\/index.php\/wp-json\/wp\/v2\/users\/1"}],"replies":[{"embeddable":true,"href":"https:\/\/diariorepublica.com.ar\/web\/index.php\/wp-json\/wp\/v2\/comments?post=18624"}],"version-history":[{"count":1,"href":"https:\/\/diariorepublica.com.ar\/web\/index.php\/wp-json\/wp\/v2\/posts\/18624\/revisions"}],"predecessor-version":[{"id":18626,"href":"https:\/\/diariorepublica.com.ar\/web\/index.php\/wp-json\/wp\/v2\/posts\/18624\/revisions\/18626"}],"wp:featuredmedia":[{"embeddable":true,"href":"https:\/\/diariorepublica.com.ar\/web\/index.php\/wp-json\/wp\/v2\/media\/18625"}],"wp:attachment":[{"href":"https:\/\/diariorepublica.com.ar\/web\/index.php\/wp-json\/wp\/v2\/media?parent=18624"}],"wp:term":[{"taxonomy":"category","embeddable":true,"href":"https:\/\/diariorepublica.com.ar\/web\/index.php\/wp-json\/wp\/v2\/categories?post=18624"},{"taxonomy":"post_tag","embeddable":true,"href":"https:\/\/diariorepublica.com.ar\/web\/index.php\/wp-json\/wp\/v2\/tags?post=18624"}],"curies":[{"name":"wp","href":"https:\/\/api.w.org\/{rel}","templated":true}]}}