{"id":18660,"date":"2024-09-24T05:42:00","date_gmt":"2024-09-24T08:42:00","guid":{"rendered":"https:\/\/diariorepublica.com.ar\/web\/?p=18660"},"modified":"2024-09-24T07:43:23","modified_gmt":"2024-09-24T10:43:23","slug":"la-justicia-argentina-pidio-la-inmediata-detencion-de-nicolas-maduro-y-diosdado-cabello","status":"publish","type":"post","link":"https:\/\/diariorepublica.com.ar\/web\/index.php\/internacionales\/2024\/09\/24\/la-justicia-argentina-pidio-la-inmediata-detencion-de-nicolas-maduro-y-diosdado-cabello\/","title":{"rendered":"La Justicia argentina pidi\u00f3 la inmediata detenci\u00f3n de Nicol\u00e1s Maduro y Diosdado Cabello"},"content":{"rendered":"<article class=\"article-body article-body--first-paragraph content-protected-false\" data-td-script-src=\"https:\/\/www.ambito.com\/td\/modulos\/encuestas\/js\/function-embeds-min-version-1727064389.js\">La Justicia orden\u00f3 este lunes\u00a0pedir la captura internacional del presidente de\u00a0<strong>Venezuela,<\/strong>\u00a0<strong>Nicol\u00e1s Maduro<\/strong>, para indagarlo en Argentina por\u00a0<strong>violaciones a los derechos humanos.\u00a0<\/strong>Tambi\u00e9n pidieron la detenci\u00f3n del ministro de Relaciones Interiores, Justicia y Paz,\u00a0<strong>Diosdado Cabello.<\/strong><\/p>\n<\/article>\n<article class=\"article-body article-body--second-paragraph content-protected-false\"><strong>\u201cSe comprob\u00f3 que existe en Venezuela un plan sistem\u00e1tico de represi\u00f3n, desaparici\u00f3n forzada de personas, tortura, homicidios y persecuci\u00f3n contra una porci\u00f3n de la poblaci\u00f3n civil, desarrollado<\/strong>\u00a0\u2013cuanto menos\u2013 desde el a\u00f1o 2014 hasta el presente\u201d, asegura el fallo de la sala I de la C\u00e1mara Federal porte\u00f1a.<\/p>\n<article class=\"article-body article-body--third-paragraph content-protected-false\">La Justicia lleg\u00f3 a esta decisi\u00f3n luego de\u00a0<strong>unificar todas las causas radicadas en los tribunales de Comodoro Py 2002\u00a0contra Maduro\u00a0<\/strong>y tras haber escuchado a un grupo de v\u00edctimas refugiadas en\u00a0<strong>Argentina,<\/strong>\u00a0que relataron experiencias de tortura.<\/p>\n<\/article>\n<article class=\"article-body article-body--fourth-paragraph content-protected-false\">\u201cObservamos que los testimonios\u00a0<strong>traslucen con elocuencia las vivencias padecidas por los damnificados<\/strong>\u00a0-las cuales parecen exhibir un patr\u00f3n com\u00fan en las acciones estatales-, y se ven reflejadas en los distintos informes de las\u00a0<strong>organizaciones internacionales que exponen, espec\u00edficamente, las caracter\u00edsticas controvertidas del Estado de Derecho venezolano<\/strong>, la persecuci\u00f3n -secuestros, torturas, asesinatos- a la poblaci\u00f3n civil y el desinter\u00e9s por adecuarse a las reglas democr\u00e1ticas\u201d, agrega la resoluci\u00f3n de la Justicia.<\/p>\n<\/article>\n<article class=\"article-body article-body--remaining-paragraph content-protected-false\">De esta manera, los jueces<strong>\u00a0Pablo Bertuzzi, Leopoldo Bruglia y Mariano Llorens<\/strong>\u00a0se\u00f1alaron que \u201cen consideraci\u00f3n de la gravedad y trascendencia de los hechos, pero especialmente, que se denuncian como ejecutados por la estructura misma del\u00a0<strong>Estado venezolano<\/strong>, y que se seguir\u00edan perpetrando al d\u00eda de la fecha, a fin de evitar un entorpecimiento en la investigaci\u00f3n, poner fin a la continuaci\u00f3n de la trama delictiva y\u00a0<strong>evitar futuras v\u00edctimas que padezcan irreparables violaciones a los derechos humanos, corresponde disponer la inmediata detenci\u00f3n<\/strong>\u00a0-v\u00eda Interpol- de<strong>\u00a0Nicol\u00e1s Maduro Moros y Diosdado Cabello, con fines de extradici\u00f3n a esta Rep\u00fablica Argentina<\/strong>\u201d.<\/p>\n<p>A su vez,\u00a0<strong>Sebasti\u00e1n Ramos<\/strong>, el juez a cargo de la investigaci\u00f3n, tendr\u00e1 que seguir recibiendo \u201c<strong>declaraciones testimoniales de aquellos damnificados que se han presentado al tribunal<\/strong>\u201d.<\/p>\n<p>ambito.com<\/p>\n<\/article>\n<\/article>\n","protected":false},"excerpt":{"rendered":"<p>La Justicia orden\u00f3 este lunes\u00a0pedir la captura internacional del presidente de\u00a0Venezuela,\u00a0Nicol\u00e1s Maduro, para indagarlo en Argentina por\u00a0violaciones a los derechos<\/p>\n","protected":false},"author":1,"featured_media":18661,"comment_status":"closed","ping_status":"closed","sticky":false,"template":"","format":"standard","meta":{"footnotes":"","jetpack_publicize_message":"","jetpack_publicize_feature_enabled":true,"jetpack_social_post_already_shared":true,"jetpack_social_options":{"image_generator_settings":{"template":"highway","enabled":false},"version":2}},"categories":[6],"tags":[],"class_list":["post-18660","post","type-post","status-publish","format-standard","has-post-thumbnail","hentry","category-internacionales"],"jetpack_publicize_connections":[],"_links":{"self":[{"href":"https:\/\/diariorepublica.com.ar\/web\/index.php\/wp-json\/wp\/v2\/posts\/18660"}],"collection":[{"href":"https:\/\/diariorepublica.com.ar\/web\/index.php\/wp-json\/wp\/v2\/posts"}],"about":[{"href":"https:\/\/diariorepublica.com.ar\/web\/index.php\/wp-json\/wp\/v2\/types\/post"}],"author":[{"embeddable":true,"href":"https:\/\/diariorepublica.com.ar\/web\/index.php\/wp-json\/wp\/v2\/users\/1"}],"replies":[{"embeddable":true,"href":"https:\/\/diariorepublica.com.ar\/web\/index.php\/wp-json\/wp\/v2\/comments?post=18660"}],"version-history":[{"count":1,"href":"https:\/\/diariorepublica.com.ar\/web\/index.php\/wp-json\/wp\/v2\/posts\/18660\/revisions"}],"predecessor-version":[{"id":18662,"href":"https:\/\/diariorepublica.com.ar\/web\/index.php\/wp-json\/wp\/v2\/posts\/18660\/revisions\/18662"}],"wp:featuredmedia":[{"embeddable":true,"href":"https:\/\/diariorepublica.com.ar\/web\/index.php\/wp-json\/wp\/v2\/media\/18661"}],"wp:attachment":[{"href":"https:\/\/diariorepublica.com.ar\/web\/index.php\/wp-json\/wp\/v2\/media?parent=18660"}],"wp:term":[{"taxonomy":"category","embeddable":true,"href":"https:\/\/diariorepublica.com.ar\/web\/index.php\/wp-json\/wp\/v2\/categories?post=18660"},{"taxonomy":"post_tag","embeddable":true,"href":"https:\/\/diariorepublica.com.ar\/web\/index.php\/wp-json\/wp\/v2\/tags?post=18660"}],"curies":[{"name":"wp","href":"https:\/\/api.w.org\/{rel}","templated":true}]}}