{"id":18663,"date":"2024-09-24T00:43:00","date_gmt":"2024-09-24T03:43:00","guid":{"rendered":"https:\/\/diariorepublica.com.ar\/web\/?p=18663"},"modified":"2024-09-24T07:45:23","modified_gmt":"2024-09-24T10:45:23","slug":"se-derrumbo-la-confianza-en-el-gobierno-de-javier-milei","status":"publish","type":"post","link":"https:\/\/diariorepublica.com.ar\/web\/index.php\/nacionales\/2024\/09\/24\/se-derrumbo-la-confianza-en-el-gobierno-de-javier-milei\/","title":{"rendered":"Se derrumb\u00f3 la confianza en el gobierno de Javier Milei"},"content":{"rendered":"<p>Con la actividad econ\u00f3mica en terapia intensiva y la inflaci\u00f3n estancada en 4%, la confianza de la sociedad en el gobierno de Javier Milei no encuentra piso: entre agosto y septiembre, se derrumb\u00f3 un 14%. Se trata de la menor cifra desde la llegada del libertario a la Casa Rosada.<\/p>\n<p>La ca\u00edda del empleo y la fuerte recesi\u00f3n que golpea al pa\u00eds, sumado al aumento continuado de precio, no dan tregua a los argentinos y su efecto se traslada, negativamente, a la imagen de la administraci\u00f3n nacional, que se contrae mensualmente.<\/p>\n<p>El\u00a0<strong>\u00cdndice de Confianza en el Gobierno (ICG)<\/strong>, elaborado por la Escuela de Gobierno de la\u00a0<strong>Universidad<\/strong>\u00a0<strong>Di Tella<\/strong>\u00a0desde noviembre del 2001, mostr\u00f3 un fuerte\u00a0<strong>decrecimiento del 14,8%<\/strong>\u00a0respecto a agosto y, actualmente,<strong>\u00a0se ubica en 2,16 puntos<\/strong>. La retracci\u00f3n se dio en los cinco puntos que mide el\u00a0<strong>ICG.<\/strong><\/p>\n<article class=\"article-body article-body--fourth-paragraph content-protected-false\">La mayor contracci\u00f3n registrada en septiembre se dio en el \u00edndice de\u00a0<strong>\u201cEficiencia en la administraci\u00f3n del gasto p\u00fablico\u201d<\/strong>, con una ca\u00edda de 18% hasta los 2,03 puntos. Luego sigui\u00f3\u00a0<strong>\u201cEvaluaci\u00f3n general del Gobierno\u201d\u00a0<\/strong>con -16,7% hasta 1,83 puntos,<strong>\u00a0\u201cPreocupaci\u00f3n por el inter\u00e9s general\u201d<\/strong>\u00a0con -15,7% a 1,81 puntos;\u00a0<strong>\u201cHonestidad de los funcionarios\u201d<\/strong>\u00a0(-15,7%, 2,40 puntos) y<strong>\u00a0\u201cCapacidad para resolver los problemas del pa\u00eds\u201d\u00a0<\/strong>(2,74 puntos, -9,5%).<\/p>\n<\/article>\n<article class=\"article-body article-body--remaining-paragraph content-protected-false\"><strong>\u201cLa medici\u00f3n de septiembre de la gesti\u00f3n Milei registra el nivel m\u00ednimo del \u00edndice de confianza desde que inici\u00f3 su gobierno\u201d<\/strong>, indica el informa. El descenso de 14,8% representa \u201cla ca\u00edda m\u00e1s pronunciada de la gesti\u00f3n\u201d, lo que se traduce en un corte con la estabilidad del ICG. Sin embargo, en t\u00e9rminos interanuales, el \u00edndice tuvo una variaci\u00f3n positiva de 109,3%.<\/p>\n<p><img decoding=\"async\" id=\"7984637-Libre-115847483_embed\" title=\"\" src=\"https:\/\/media.ambito.com\/p\/925d570ec5e5228aa1ea3846c4d81451\/adjuntos\/239\/imagenes\/041\/833\/0041833596\/730x0\/smart\/icg-cinco-puntosjpg.jpg\" alt=\"\" width=\"730\" height=\"undefined\" data-td-src-property=\"https:\/\/media.ambito.com\/p\/925d570ec5e5228aa1ea3846c4d81451\/adjuntos\/239\/imagenes\/041\/833\/0041833596\/730x0\/smart\/icg-cinco-puntosjpg.jpg\" \/><\/p>\n<\/article>\n","protected":false},"excerpt":{"rendered":"<p>Con la actividad econ\u00f3mica en terapia intensiva y la inflaci\u00f3n estancada en 4%, la confianza de la sociedad en el<\/p>\n","protected":false},"author":1,"featured_media":18664,"comment_status":"closed","ping_status":"closed","sticky":false,"template":"","format":"standard","meta":{"footnotes":"","jetpack_publicize_message":"","jetpack_publicize_feature_enabled":true,"jetpack_social_post_already_shared":true,"jetpack_social_options":{"image_generator_settings":{"template":"highway","enabled":false},"version":2}},"categories":[4],"tags":[],"class_list":["post-18663","post","type-post","status-publish","format-standard","has-post-thumbnail","hentry","category-nacionales"],"jetpack_publicize_connections":[],"_links":{"self":[{"href":"https:\/\/diariorepublica.com.ar\/web\/index.php\/wp-json\/wp\/v2\/posts\/18663"}],"collection":[{"href":"https:\/\/diariorepublica.com.ar\/web\/index.php\/wp-json\/wp\/v2\/posts"}],"about":[{"href":"https:\/\/diariorepublica.com.ar\/web\/index.php\/wp-json\/wp\/v2\/types\/post"}],"author":[{"embeddable":true,"href":"https:\/\/diariorepublica.com.ar\/web\/index.php\/wp-json\/wp\/v2\/users\/1"}],"replies":[{"embeddable":true,"href":"https:\/\/diariorepublica.com.ar\/web\/index.php\/wp-json\/wp\/v2\/comments?post=18663"}],"version-history":[{"count":1,"href":"https:\/\/diariorepublica.com.ar\/web\/index.php\/wp-json\/wp\/v2\/posts\/18663\/revisions"}],"predecessor-version":[{"id":18665,"href":"https:\/\/diariorepublica.com.ar\/web\/index.php\/wp-json\/wp\/v2\/posts\/18663\/revisions\/18665"}],"wp:featuredmedia":[{"embeddable":true,"href":"https:\/\/diariorepublica.com.ar\/web\/index.php\/wp-json\/wp\/v2\/media\/18664"}],"wp:attachment":[{"href":"https:\/\/diariorepublica.com.ar\/web\/index.php\/wp-json\/wp\/v2\/media?parent=18663"}],"wp:term":[{"taxonomy":"category","embeddable":true,"href":"https:\/\/diariorepublica.com.ar\/web\/index.php\/wp-json\/wp\/v2\/categories?post=18663"},{"taxonomy":"post_tag","embeddable":true,"href":"https:\/\/diariorepublica.com.ar\/web\/index.php\/wp-json\/wp\/v2\/tags?post=18663"}],"curies":[{"name":"wp","href":"https:\/\/api.w.org\/{rel}","templated":true}]}}