{"id":18666,"date":"2024-09-24T06:45:00","date_gmt":"2024-09-24T09:45:00","guid":{"rendered":"https:\/\/diariorepublica.com.ar\/web\/?p=18666"},"modified":"2024-09-24T07:46:46","modified_gmt":"2024-09-24T10:46:46","slug":"de-bobo-y-violento-a-quedate-chillando-el-cruce-entre-cristina-fernandez-de-kirchner-y-luis-caputo","status":"publish","type":"post","link":"https:\/\/diariorepublica.com.ar\/web\/index.php\/politica\/2024\/09\/24\/de-bobo-y-violento-a-quedate-chillando-el-cruce-entre-cristina-fernandez-de-kirchner-y-luis-caputo\/","title":{"rendered":"De \u00abbobo y violento\u00bb a \u00abquedate chillando\u00bb: el cruce entre Cristina Fern\u00e1ndez de Kirchner y Luis Caputo"},"content":{"rendered":"<article id=\"article-post\" class=\"first\">\n<div class=\"cuerpo\" data-twitter-link=\"https:\/\/twitter.com\/intent\/tweet?url=https:\/\/www.diariopopular.com.ar\/c807219&amp;via=poopulardiario&amp;related=Popular&amp;text=\">\n<p>La expresidenta\u00a0<strong>Cristina Kirchner<\/strong>\u00a0y el ministro de Econom\u00eda,\u00a0<strong>Luis Caputo<\/strong>, protagonizaron este lunes un duro cruce en las redes sociales\u00a0<strong>con insultos y reproches incluidos<\/strong>. Ocurri\u00f3 luego de que se oficializara la eliminaci\u00f3n de requisitos que el Poder Ejecutivo y el Palacio de Hacienda deben cumplir para\u00a0<strong>canjear y\/o reestructurar la deuda p\u00fablica<\/strong>.<\/p>\n<\/div>\n<\/article>\n<article id=\"article-post\">\n<div class=\"cuerpo\" data-twitter-link=\"https:\/\/twitter.com\/intent\/tweet?url=https:\/\/www.diariopopular.com.ar\/c807219&amp;via=poopulardiario&amp;related=Popular&amp;text=\">\n<p>Todo empez\u00f3 cuando Cristina Kirchner\u00a0<strong>public\u00f3 un posteo titulado \u00abArgentina bajo fuego\u00bb<\/strong>, en el que cuestion\u00f3 el DNU dictado por el gobierno de\u00a0<strong>Javier Milei<\/strong>\u00a0que le permite al Ejecutivo renegociar la deuda en pesos y d\u00f3lares<strong>\u00a0sin tener que pasar por el Congreso para ello<\/strong>.<\/p>\n<p>\u201c\u00bfCu\u00e1l es la urgencia del DNU publicado hoy cuando la modificaci\u00f3n central en materia de endeudamiento ya est\u00e1 sometida a consideraci\u00f3n del Congreso en el proyecto de presupuesto que con tanta pompa y tan poca audiencia present\u00f3 Milei?\u00a0<strong>\u00bfQu\u00e9 quiere hacer Caputo con los pr\u00f3ximos vencimientos de deuda?\u00a0<\/strong>\u00bfVolver a incendiar el pa\u00eds en la hoguera de la deuda como hizo con Macri y el FMI?\u00a0<strong>\u00bfNi siquiera con un ajuste desalmado e inhumano el ministro Caputo de Milei puede pagar la deuda que el ministro Caputo de Macri gener\u00f3?\u201d<\/strong>, plante\u00f3 la exjefa de Estado desde su cuenta de la red social X.<\/p>\n<p>Cristina Kirchner tambi\u00e9n apunt\u00f3 contra la administraci\u00f3n libertaria por los\u00a0<strong>incendios forestales ocurridos en C\u00f3rdoba<\/strong>: \u00abDesde el 10 de diciembre de 2023, el Gobierno Nacional dej\u00f3 de informar el reporte diario de incendios, lo que es importante en un contexto de crisis clim\u00e1tica y mayor ocurrencia de eventos extremos (a los que el Presidente directamente niega).\u00a0<strong>Por si eso no bastara, en el primer trimestre de 2024, el Gobierno Nacional no ejecut\u00f3 un solo peso de los fondos asignados a Manejo del Fuego\u00bb<\/strong>.<\/p>\n<div id=\"embed2142_wrap\" class=\"embed_cont type_freetext\" contenteditable=\"false\" data-provider=\"Twitter\">\n<div id=\"embed2142_content\" class=\"embed_content\">\n<div id=\"embed2142_embed\">\n<div class=\"twitter-tweet twitter-tweet-rendered\"><iframe id=\"twitter-widget-0\" class=\"\" title=\"X Post\" src=\"https:\/\/platform.twitter.com\/embed\/Tweet.html?creatorScreenName=diariopopular&amp;dnt=false&amp;embedId=twitter-widget-0&amp;features=eyJ0ZndfdGltZWxpbmVfbGlzdCI6eyJidWNrZXQiOltdLCJ2ZXJzaW9uIjpudWxsfSwidGZ3X2ZvbGxvd2VyX2NvdW50X3N1bnNldCI6eyJidWNrZXQiOnRydWUsInZlcnNpb24iOm51bGx9LCJ0ZndfdHdlZXRfZWRpdF9iYWNrZW5kIjp7ImJ1Y2tldCI6Im9uIiwidmVyc2lvbiI6bnVsbH0sInRmd19yZWZzcmNfc2Vzc2lvbiI6eyJidWNrZXQiOiJvbiIsInZlcnNpb24iOm51bGx9LCJ0ZndfZm9zbnJfc29mdF9pbnRlcnZlbnRpb25zX2VuYWJsZWQiOnsiYnVja2V0Ijoib24iLCJ2ZXJzaW9uIjpudWxsfSwidGZ3X21peGVkX21lZGlhXzE1ODk3Ijp7ImJ1Y2tldCI6InRyZWF0bWVudCIsInZlcnNpb24iOm51bGx9LCJ0ZndfZXhwZXJpbWVudHNfY29va2llX2V4cGlyYXRpb24iOnsiYnVja2V0IjoxMjA5NjAwLCJ2ZXJzaW9uIjpudWxsfSwidGZ3X3Nob3dfYmlyZHdhdGNoX3Bpdm90c19lbmFibGVkIjp7ImJ1Y2tldCI6Im9uIiwidmVyc2lvbiI6bnVsbH0sInRmd19kdXBsaWNhdGVfc2NyaWJlc190b19zZXR0aW5ncyI6eyJidWNrZXQiOiJvbiIsInZlcnNpb24iOm51bGx9LCJ0ZndfdXNlX3Byb2ZpbGVfaW1hZ2Vfc2hhcGVfZW5hYmxlZCI6eyJidWNrZXQiOiJvbiIsInZlcnNpb24iOm51bGx9LCJ0ZndfdmlkZW9faGxzX2R5bmFtaWNfbWFuaWZlc3RzXzE1MDgyIjp7ImJ1Y2tldCI6InRydWVfYml0cmF0ZSIsInZlcnNpb24iOm51bGx9LCJ0ZndfbGVnYWN5X3RpbWVsaW5lX3N1bnNldCI6eyJidWNrZXQiOnRydWUsInZlcnNpb24iOm51bGx9LCJ0ZndfdHdlZXRfZWRpdF9mcm9udGVuZCI6eyJidWNrZXQiOiJvbiIsInZlcnNpb24iOm51bGx9fQ%3D%3D&amp;frame=false&amp;hideCard=false&amp;hideThread=false&amp;id=1838274312769241327&amp;lang=en&amp;origin=https%3A%2F%2Fwww.diariopopular.com.ar%2Fpolitica%2Fde-bobo-y-violento-quedate-chillando-el-cruce-cristina-fernandez-kirchner-y-luis-caputo-n807219&amp;sessionId=ce8fdb6c786163de85b1c73b761e5fd1cfda4b8b&amp;siteScreenName=diariopopular&amp;theme=light&amp;widgetsVersion=2615f7e52b7e0%3A1702314776716&amp;width=550px\" frameborder=\"0\" scrolling=\"no\" allowfullscreen=\"allowfullscreen\" data-tweet-id=\"1838274312769241327\" data-gtm-yt-inspected-13=\"true\" data-mce-fragment=\"1\"><\/iframe><\/div>\n<\/div>\n<\/div>\n<div id=\"embed2142_epigrafe\" class=\"embed_epigrafe\"><\/div>\n<div id=\"embed2142_copyright\" class=\"embed_copyright\"><\/div>\n<\/div>\n<p>Una hora despu\u00e9s de la publicaci\u00f3n de ese posteo,\u00a0<strong>Caputo<\/strong>, que se encuentra junto a Milei en Nueva York y\u00a0<strong><a href=\"https:\/\/www.diariopopular.com.ar\/politica\/luis-caputo-acompana-javier-milei-estados-unidos-y-busca-acelerar-las-negociones-el-fmi-n807083\" target=\"_blank\" rel=\"follow noopener\">busca renegociar el acuerdo con el FMI<\/a>,<\/strong>\u00a0sali\u00f3 al cruce de la expresidenta:\u00a0<strong>\u00abToda la deuda de los \u00faltimos 20 a\u00f1os la generaste vos, guiada por el primate que tuviste de ministro de Econom\u00eda<\/strong>. Primero heredaste 2 puntos de super\u00e1vit fiscal y los convertiste en 7 de d\u00e9ficit. Luego Macri te dej\u00f3 casi equilibrio primario y lo volviste a llevar a 5 puntos de d\u00e9ficit\u201d.<\/p>\n<p>La r\u00e9plica de Caputo no termin\u00f3 ah\u00ed y continu\u00f3 con dos chicanas. \u00abTen\u00eda raz\u00f3n tu marido (en alusi\u00f3n al expresidente N\u00e9stor Kirchner) cuando dec\u00eda que no sab\u00edas nada de econom\u00eda.\u00a0<strong>Quedate chillando tranquila que es lo m\u00e1ximo que pod\u00e9s hacer, porque no vas a volver a gobernar nunca m\u00e1s\u00bb<\/strong>, enfatiz\u00f3.<\/p>\n<div id=\"embed7665_wrap\" class=\"embed_cont type_freetext\" contenteditable=\"false\" data-provider=\"Twitter\">\n<div id=\"embed7665_content\" class=\"embed_content\">\n<div id=\"embed7665_embed\">\n<div class=\"twitter-tweet twitter-tweet-rendered\"><iframe id=\"twitter-widget-1\" class=\"\" title=\"X Post\" src=\"https:\/\/platform.twitter.com\/embed\/Tweet.html?creatorScreenName=diariopopular&amp;dnt=false&amp;embedId=twitter-widget-1&amp;features=eyJ0ZndfdGltZWxpbmVfbGlzdCI6eyJidWNrZXQiOltdLCJ2ZXJzaW9uIjpudWxsfSwidGZ3X2ZvbGxvd2VyX2NvdW50X3N1bnNldCI6eyJidWNrZXQiOnRydWUsInZlcnNpb24iOm51bGx9LCJ0ZndfdHdlZXRfZWRpdF9iYWNrZW5kIjp7ImJ1Y2tldCI6Im9uIiwidmVyc2lvbiI6bnVsbH0sInRmd19yZWZzcmNfc2Vzc2lvbiI6eyJidWNrZXQiOiJvbiIsInZlcnNpb24iOm51bGx9LCJ0ZndfZm9zbnJfc29mdF9pbnRlcnZlbnRpb25zX2VuYWJsZWQiOnsiYnVja2V0Ijoib24iLCJ2ZXJzaW9uIjpudWxsfSwidGZ3X21peGVkX21lZGlhXzE1ODk3Ijp7ImJ1Y2tldCI6InRyZWF0bWVudCIsInZlcnNpb24iOm51bGx9LCJ0ZndfZXhwZXJpbWVudHNfY29va2llX2V4cGlyYXRpb24iOnsiYnVja2V0IjoxMjA5NjAwLCJ2ZXJzaW9uIjpudWxsfSwidGZ3X3Nob3dfYmlyZHdhdGNoX3Bpdm90c19lbmFibGVkIjp7ImJ1Y2tldCI6Im9uIiwidmVyc2lvbiI6bnVsbH0sInRmd19kdXBsaWNhdGVfc2NyaWJlc190b19zZXR0aW5ncyI6eyJidWNrZXQiOiJvbiIsInZlcnNpb24iOm51bGx9LCJ0ZndfdXNlX3Byb2ZpbGVfaW1hZ2Vfc2hhcGVfZW5hYmxlZCI6eyJidWNrZXQiOiJvbiIsInZlcnNpb24iOm51bGx9LCJ0ZndfdmlkZW9faGxzX2R5bmFtaWNfbWFuaWZlc3RzXzE1MDgyIjp7ImJ1Y2tldCI6InRydWVfYml0cmF0ZSIsInZlcnNpb24iOm51bGx9LCJ0ZndfbGVnYWN5X3RpbWVsaW5lX3N1bnNldCI6eyJidWNrZXQiOnRydWUsInZlcnNpb24iOm51bGx9LCJ0ZndfdHdlZXRfZWRpdF9mcm9udGVuZCI6eyJidWNrZXQiOiJvbiIsInZlcnNpb24iOm51bGx9fQ%3D%3D&amp;frame=false&amp;hideCard=false&amp;hideThread=false&amp;id=1838298786780885333&amp;lang=en&amp;origin=https%3A%2F%2Fwww.diariopopular.com.ar%2Fpolitica%2Fde-bobo-y-violento-quedate-chillando-el-cruce-cristina-fernandez-kirchner-y-luis-caputo-n807219&amp;sessionId=ce8fdb6c786163de85b1c73b761e5fd1cfda4b8b&amp;siteScreenName=diariopopular&amp;theme=light&amp;widgetsVersion=2615f7e52b7e0%3A1702314776716&amp;width=550px\" frameborder=\"0\" scrolling=\"no\" allowfullscreen=\"allowfullscreen\" data-tweet-id=\"1838298786780885333\" data-gtm-yt-inspected-13=\"true\" data-mce-fragment=\"1\"><\/iframe><\/div>\n<\/div>\n<\/div>\n<div id=\"embed7665_epigrafe\" class=\"embed_epigrafe\"><\/div>\n<div id=\"embed7665_copyright\" class=\"embed_copyright\"><\/div>\n<\/div>\n<p>Cristina Kirchner reaccion\u00f3 tras esas palabras de Caputo: \u00abComo Ministro de Macri lo sab\u00eda endeudador serial en d\u00f3lares y muy mentiroso con los n\u00fameros.\u00a0<strong>Ahora, lo de violento y mis\u00f3gino como Ministro de Milei, la verdad que no la ten\u00eda\u2026 Se ve que es contagioso\u201d<\/strong>, lanz\u00f3 en un nuevo mensaje. Y luego adjunt\u00f3 un video e archvio de Javier Milei, con cr\u00edticas al actual ministro:\u00a0<strong>\u201cMir\u00e1 lo que dec\u00eda de vos tu jefe actual bobo!\u201d<\/strong>.<\/p>\n<p>El cruce lleg\u00f3 a su fin con un \u00faltimo mensaje del titular del Palacio de Hacienda, que busc\u00f3 quedarse con la \u00faltima palabra:\u00a0<strong>\u201cJaja, veo que me hace caso, siga chillando nom\u00e1s!!\u201d<\/strong>.<\/p>\n<div id=\"embed5057_wrap\" class=\"embed_cont type_freetext\" contenteditable=\"false\" data-provider=\"Twitter\">\n<div id=\"embed5057_content\" class=\"embed_content\">\n<div id=\"embed5057_embed\">\n<div class=\"twitter-tweet twitter-tweet-rendered\"><iframe id=\"twitter-widget-2\" class=\"\" title=\"X Post\" src=\"https:\/\/platform.twitter.com\/embed\/Tweet.html?creatorScreenName=diariopopular&amp;dnt=false&amp;embedId=twitter-widget-2&amp;features=eyJ0ZndfdGltZWxpbmVfbGlzdCI6eyJidWNrZXQiOltdLCJ2ZXJzaW9uIjpudWxsfSwidGZ3X2ZvbGxvd2VyX2NvdW50X3N1bnNldCI6eyJidWNrZXQiOnRydWUsInZlcnNpb24iOm51bGx9LCJ0ZndfdHdlZXRfZWRpdF9iYWNrZW5kIjp7ImJ1Y2tldCI6Im9uIiwidmVyc2lvbiI6bnVsbH0sInRmd19yZWZzcmNfc2Vzc2lvbiI6eyJidWNrZXQiOiJvbiIsInZlcnNpb24iOm51bGx9LCJ0ZndfZm9zbnJfc29mdF9pbnRlcnZlbnRpb25zX2VuYWJsZWQiOnsiYnVja2V0Ijoib24iLCJ2ZXJzaW9uIjpudWxsfSwidGZ3X21peGVkX21lZGlhXzE1ODk3Ijp7ImJ1Y2tldCI6InRyZWF0bWVudCIsInZlcnNpb24iOm51bGx9LCJ0ZndfZXhwZXJpbWVudHNfY29va2llX2V4cGlyYXRpb24iOnsiYnVja2V0IjoxMjA5NjAwLCJ2ZXJzaW9uIjpudWxsfSwidGZ3X3Nob3dfYmlyZHdhdGNoX3Bpdm90c19lbmFibGVkIjp7ImJ1Y2tldCI6Im9uIiwidmVyc2lvbiI6bnVsbH0sInRmd19kdXBsaWNhdGVfc2NyaWJlc190b19zZXR0aW5ncyI6eyJidWNrZXQiOiJvbiIsInZlcnNpb24iOm51bGx9LCJ0ZndfdXNlX3Byb2ZpbGVfaW1hZ2Vfc2hhcGVfZW5hYmxlZCI6eyJidWNrZXQiOiJvbiIsInZlcnNpb24iOm51bGx9LCJ0ZndfdmlkZW9faGxzX2R5bmFtaWNfbWFuaWZlc3RzXzE1MDgyIjp7ImJ1Y2tldCI6InRydWVfYml0cmF0ZSIsInZlcnNpb24iOm51bGx9LCJ0ZndfbGVnYWN5X3RpbWVsaW5lX3N1bnNldCI6eyJidWNrZXQiOnRydWUsInZlcnNpb24iOm51bGx9LCJ0ZndfdHdlZXRfZWRpdF9mcm9udGVuZCI6eyJidWNrZXQiOiJvbiIsInZlcnNpb24iOm51bGx9fQ%3D%3D&amp;frame=false&amp;hideCard=false&amp;hideThread=false&amp;id=1838303077020910077&amp;lang=en&amp;origin=https%3A%2F%2Fwww.diariopopular.com.ar%2Fpolitica%2Fde-bobo-y-violento-quedate-chillando-el-cruce-cristina-fernandez-kirchner-y-luis-caputo-n807219&amp;sessionId=ce8fdb6c786163de85b1c73b761e5fd1cfda4b8b&amp;siteScreenName=diariopopular&amp;theme=light&amp;widgetsVersion=2615f7e52b7e0%3A1702314776716&amp;width=550px\" frameborder=\"0\" scrolling=\"no\" allowfullscreen=\"allowfullscreen\" data-tweet-id=\"1838303077020910077\" data-gtm-yt-inspected-13=\"true\" data-mce-fragment=\"1\"><\/iframe><\/div>\n<\/div>\n<\/div>\n<div id=\"embed5057_epigrafe\" class=\"embed_epigrafe\"><\/div>\n<\/div>\n<\/div>\n<\/article>\n","protected":false},"excerpt":{"rendered":"<p>La expresidenta\u00a0Cristina Kirchner\u00a0y el ministro de Econom\u00eda,\u00a0Luis Caputo, protagonizaron este lunes un duro cruce en las redes sociales\u00a0con insultos y<\/p>\n","protected":false},"author":1,"featured_media":18667,"comment_status":"closed","ping_status":"closed","sticky":false,"template":"","format":"standard","meta":{"footnotes":"","jetpack_publicize_message":"","jetpack_publicize_feature_enabled":true,"jetpack_social_post_already_shared":true,"jetpack_social_options":{"image_generator_settings":{"template":"highway","enabled":false},"version":2}},"categories":[12],"tags":[],"class_list":["post-18666","post","type-post","status-publish","format-standard","has-post-thumbnail","hentry","category-politica"],"jetpack_publicize_connections":[],"_links":{"self":[{"href":"https:\/\/diariorepublica.com.ar\/web\/index.php\/wp-json\/wp\/v2\/posts\/18666"}],"collection":[{"href":"https:\/\/diariorepublica.com.ar\/web\/index.php\/wp-json\/wp\/v2\/posts"}],"about":[{"href":"https:\/\/diariorepublica.com.ar\/web\/index.php\/wp-json\/wp\/v2\/types\/post"}],"author":[{"embeddable":true,"href":"https:\/\/diariorepublica.com.ar\/web\/index.php\/wp-json\/wp\/v2\/users\/1"}],"replies":[{"embeddable":true,"href":"https:\/\/diariorepublica.com.ar\/web\/index.php\/wp-json\/wp\/v2\/comments?post=18666"}],"version-history":[{"count":1,"href":"https:\/\/diariorepublica.com.ar\/web\/index.php\/wp-json\/wp\/v2\/posts\/18666\/revisions"}],"predecessor-version":[{"id":18668,"href":"https:\/\/diariorepublica.com.ar\/web\/index.php\/wp-json\/wp\/v2\/posts\/18666\/revisions\/18668"}],"wp:featuredmedia":[{"embeddable":true,"href":"https:\/\/diariorepublica.com.ar\/web\/index.php\/wp-json\/wp\/v2\/media\/18667"}],"wp:attachment":[{"href":"https:\/\/diariorepublica.com.ar\/web\/index.php\/wp-json\/wp\/v2\/media?parent=18666"}],"wp:term":[{"taxonomy":"category","embeddable":true,"href":"https:\/\/diariorepublica.com.ar\/web\/index.php\/wp-json\/wp\/v2\/categories?post=18666"},{"taxonomy":"post_tag","embeddable":true,"href":"https:\/\/diariorepublica.com.ar\/web\/index.php\/wp-json\/wp\/v2\/tags?post=18666"}],"curies":[{"name":"wp","href":"https:\/\/api.w.org\/{rel}","templated":true}]}}