{"id":18672,"date":"2024-09-24T06:48:00","date_gmt":"2024-09-24T09:48:00","guid":{"rendered":"https:\/\/diariorepublica.com.ar\/web\/?p=18672"},"modified":"2024-09-24T07:50:05","modified_gmt":"2024-09-24T10:50:05","slug":"velez-le-gano-a-estudiantes-en-liniers","status":"publish","type":"post","link":"https:\/\/diariorepublica.com.ar\/web\/index.php\/deportes\/2024\/09\/24\/velez-le-gano-a-estudiantes-en-liniers\/","title":{"rendered":"V\u00e9lez le gan\u00f3 a Estudiantes en Liniers"},"content":{"rendered":"<article id=\"article-post\" class=\"first\">\n<div class=\"cuerpo\" data-twitter-link=\"https:\/\/twitter.com\/intent\/tweet?url=https:\/\/www.diariopopular.com.ar\/c807334&amp;via=poopulardiario&amp;related=Popular&amp;text=\">\n<p><strong>V\u00e9lez le gan\u00f3 a Estudiantes 2 a 0, se afirm\u00f3 como l\u00edder de la Liga Profesional de F\u00fatbol (LPF)<\/strong>\u00a0y ampli\u00f3 a seis puntos su ventaja sobre Hurac\u00e1n, Talleres y Uni\u00f3n de Santa Fe. Un doblete de\u00a0<strong>Braian Romero<\/strong>\u00a0le dio la victoria al Fort\u00edn en uno de los partidos que complet\u00f3 la 15\u00ba fecha del torneo.<\/p>\n<\/div>\n<\/article>\n<article id=\"article-post\">\n<div class=\"cuerpo\" data-twitter-link=\"https:\/\/twitter.com\/intent\/tweet?url=https:\/\/www.diariopopular.com.ar\/c807334&amp;via=poopulardiario&amp;related=Popular&amp;text=\">\n<p>El equipo dirigido por\u00a0<strong>Gustavo Quinteros<\/strong>\u00a0demostr\u00f3 su autoridad desde el comienzo y, a los 12 minutos,\u00a0<strong>el propio Romero marc\u00f3 el primero de sus goles<\/strong>. Fue luego de presionar al arquero\u00a0<strong>Mat\u00edas Mansilla<\/strong>, que perdi\u00f3 la pelota y se la dej\u00f3 servida al delantero para abrir la victoria del local.<\/p>\n<p>En el complemento creci\u00f3 la intensidad, porque\u00a0<strong>Estudiantes lo fue a buscar y V\u00e9lez respondi\u00f3<\/strong>. Los dos tuvieron llegadas y el Fort\u00edn pudo haber ampliado la ventaja con dos chances que no pudo concretar Thiago Fern\u00e1ndez. A su vez, Aquino volvi\u00f3 a avisar de pelota parada, pero esta vez Mansilla respondi\u00f3 bien. Tampoco pudo el conjunto velezano con un tanto anulado al propio Romero por posici\u00f3n adelantada.<\/p>\n<p>Sobre el cierre del partido,\u00a0<strong>el delantero recibi\u00f3 entre los dos marcadores centrales de Estudiantes y sell\u00f3 el triunfo de V\u00e9lez<\/strong>, que el pr\u00f3ximo viernes enfrentar\u00e1 a Independiente por los cuartos de final de la Copa Argentina.<\/p>\n<p>En la pr\u00f3xima fecha\u00a0<strong>Estudiantes recibir\u00e1 a Defensa y Justicia<\/strong>, el s\u00e1bado desde las 17.30. Mientras que\u00a0<strong>V\u00e9lez cerrar\u00e1 la actividad en su visita a Rosario Central<\/strong>, el martes 1 de octubre, desde las 20.30.<\/p>\n<div id=\"embed58_wrap\" class=\"embed_cont type_freetext\" contenteditable=\"false\">\n<div id=\"embed58_content\" class=\"embed_content\">\n<div id=\"embed58_embed\">\n<div class=\"video_container\"><iframe loading=\"lazy\" class=\"video_iframe\" src=\"https:\/\/www.youtube.com\/embed\/0lDNYyj43KU\" width=\"100%\" height=\"360\" frameborder=\"0\" scrolling=\"no\" data-gtm-yt-inspected-13=\"true\" data-mce-fragment=\"1\"><\/iframe><\/div>\n<\/div>\n<\/div>\n<div id=\"embed58_epigrafe\" class=\"embed_epigrafe\"><\/div>\n<\/div>\n<\/div>\n<\/article>\n","protected":false},"excerpt":{"rendered":"<p>V\u00e9lez le gan\u00f3 a Estudiantes 2 a 0, se afirm\u00f3 como l\u00edder de la Liga Profesional de F\u00fatbol (LPF)\u00a0y ampli\u00f3<\/p>\n","protected":false},"author":1,"featured_media":18673,"comment_status":"closed","ping_status":"closed","sticky":false,"template":"","format":"standard","meta":{"footnotes":"","jetpack_publicize_message":"","jetpack_publicize_feature_enabled":true,"jetpack_social_post_already_shared":true,"jetpack_social_options":{"image_generator_settings":{"template":"highway","enabled":false},"version":2}},"categories":[9],"tags":[],"class_list":["post-18672","post","type-post","status-publish","format-standard","has-post-thumbnail","hentry","category-deportes"],"jetpack_publicize_connections":[],"_links":{"self":[{"href":"https:\/\/diariorepublica.com.ar\/web\/index.php\/wp-json\/wp\/v2\/posts\/18672"}],"collection":[{"href":"https:\/\/diariorepublica.com.ar\/web\/index.php\/wp-json\/wp\/v2\/posts"}],"about":[{"href":"https:\/\/diariorepublica.com.ar\/web\/index.php\/wp-json\/wp\/v2\/types\/post"}],"author":[{"embeddable":true,"href":"https:\/\/diariorepublica.com.ar\/web\/index.php\/wp-json\/wp\/v2\/users\/1"}],"replies":[{"embeddable":true,"href":"https:\/\/diariorepublica.com.ar\/web\/index.php\/wp-json\/wp\/v2\/comments?post=18672"}],"version-history":[{"count":1,"href":"https:\/\/diariorepublica.com.ar\/web\/index.php\/wp-json\/wp\/v2\/posts\/18672\/revisions"}],"predecessor-version":[{"id":18674,"href":"https:\/\/diariorepublica.com.ar\/web\/index.php\/wp-json\/wp\/v2\/posts\/18672\/revisions\/18674"}],"wp:featuredmedia":[{"embeddable":true,"href":"https:\/\/diariorepublica.com.ar\/web\/index.php\/wp-json\/wp\/v2\/media\/18673"}],"wp:attachment":[{"href":"https:\/\/diariorepublica.com.ar\/web\/index.php\/wp-json\/wp\/v2\/media?parent=18672"}],"wp:term":[{"taxonomy":"category","embeddable":true,"href":"https:\/\/diariorepublica.com.ar\/web\/index.php\/wp-json\/wp\/v2\/categories?post=18672"},{"taxonomy":"post_tag","embeddable":true,"href":"https:\/\/diariorepublica.com.ar\/web\/index.php\/wp-json\/wp\/v2\/tags?post=18672"}],"curies":[{"name":"wp","href":"https:\/\/api.w.org\/{rel}","templated":true}]}}