{"id":18685,"date":"2024-09-24T00:02:00","date_gmt":"2024-09-24T03:02:00","guid":{"rendered":"https:\/\/diariorepublica.com.ar\/web\/?p=18685"},"modified":"2024-09-24T08:10:05","modified_gmt":"2024-09-24T11:10:05","slug":"ya-rige-el-nuevo-precio-del-boleto-de-colectivo","status":"publish","type":"post","link":"https:\/\/diariorepublica.com.ar\/web\/index.php\/economia\/2024\/09\/24\/ya-rige-el-nuevo-precio-del-boleto-de-colectivo\/","title":{"rendered":"Ya rige el nuevo precio del boleto de colectivo"},"content":{"rendered":"<p>Desde ayer por la siesta\u00a0 comenz\u00f3 a regir el nuevo precio del boleto del transporte urbano de pasajeros que pasar\u00e1 a costar $950.<\/p>\n<p>El ministro de Integraci\u00f3n Regional, Log\u00edstica y Transporte, Eduardo Andrada,\u00a0 asegur\u00f3 que ser\u00e1 el \u00faltimo incremento del servicio urbano en lo que resta del a\u00f1o, aunque admiti\u00f3 que falta la actualizaci\u00f3n para el suburbano y larga distancia.<\/p>\n<p>Adem\u00e1s, garantiz\u00f3 la continuidad del Boleto Estudiantil Gratuito y los que tiene beneficios sociales.<\/p>\n<p class=\"wp-block-heading\"><strong>Tarifa Com\u00fan<\/strong><\/p>\n<ul class=\"wp-block-list\">\n<li>Secci\u00f3n 1: $950<\/li>\n<li>Secci\u00f3n 2: $1.007,69<\/li>\n<li>Secci\u00f3n 3: $1.124,41<\/li>\n<li>Secci\u00f3n 4: $1.303,64<\/li>\n<li>Secci\u00f3n 5: $1.417,74<\/li>\n<li>Secci\u00f3n 6: $1.594,16<\/li>\n<li>Secci\u00f3n 7: $1.719,30<\/li>\n<\/ul>\n<p class=\"wp-block-heading\"><strong>Tarifa Nocturna<\/strong><\/p>\n<ul class=\"wp-block-list\">\n<li>Secci\u00f3n 1: $1.417,74<\/li>\n<li>Secci\u00f3n 2: $1.477,43<\/li>\n<li>Secci\u00f3n 3: $1.719,13<\/li>\n<li>Secci\u00f3n 4: $1.944.72<\/li>\n<li>Secci\u00f3n 5: $2.075,07<\/li>\n<li>Secci\u00f3n 6: $2.246,24<\/li>\n<li>Secci\u00f3n 7: $2.417,39<\/li>\n<\/ul>\n","protected":false},"excerpt":{"rendered":"<p>Desde ayer por la siesta\u00a0 comenz\u00f3 a regir el nuevo precio del boleto del transporte urbano de pasajeros que pasar\u00e1<\/p>\n","protected":false},"author":1,"featured_media":18686,"comment_status":"closed","ping_status":"closed","sticky":false,"template":"","format":"standard","meta":{"footnotes":"","jetpack_publicize_message":"","jetpack_publicize_feature_enabled":true,"jetpack_social_post_already_shared":true,"jetpack_social_options":{"image_generator_settings":{"template":"highway","enabled":false},"version":2}},"categories":[5],"tags":[],"class_list":["post-18685","post","type-post","status-publish","format-standard","has-post-thumbnail","hentry","category-economia"],"jetpack_publicize_connections":[],"_links":{"self":[{"href":"https:\/\/diariorepublica.com.ar\/web\/index.php\/wp-json\/wp\/v2\/posts\/18685"}],"collection":[{"href":"https:\/\/diariorepublica.com.ar\/web\/index.php\/wp-json\/wp\/v2\/posts"}],"about":[{"href":"https:\/\/diariorepublica.com.ar\/web\/index.php\/wp-json\/wp\/v2\/types\/post"}],"author":[{"embeddable":true,"href":"https:\/\/diariorepublica.com.ar\/web\/index.php\/wp-json\/wp\/v2\/users\/1"}],"replies":[{"embeddable":true,"href":"https:\/\/diariorepublica.com.ar\/web\/index.php\/wp-json\/wp\/v2\/comments?post=18685"}],"version-history":[{"count":1,"href":"https:\/\/diariorepublica.com.ar\/web\/index.php\/wp-json\/wp\/v2\/posts\/18685\/revisions"}],"predecessor-version":[{"id":18687,"href":"https:\/\/diariorepublica.com.ar\/web\/index.php\/wp-json\/wp\/v2\/posts\/18685\/revisions\/18687"}],"wp:featuredmedia":[{"embeddable":true,"href":"https:\/\/diariorepublica.com.ar\/web\/index.php\/wp-json\/wp\/v2\/media\/18686"}],"wp:attachment":[{"href":"https:\/\/diariorepublica.com.ar\/web\/index.php\/wp-json\/wp\/v2\/media?parent=18685"}],"wp:term":[{"taxonomy":"category","embeddable":true,"href":"https:\/\/diariorepublica.com.ar\/web\/index.php\/wp-json\/wp\/v2\/categories?post=18685"},{"taxonomy":"post_tag","embeddable":true,"href":"https:\/\/diariorepublica.com.ar\/web\/index.php\/wp-json\/wp\/v2\/tags?post=18685"}],"curies":[{"name":"wp","href":"https:\/\/api.w.org\/{rel}","templated":true}]}}