{"id":18688,"date":"2024-09-24T16:54:00","date_gmt":"2024-09-24T19:54:00","guid":{"rendered":"https:\/\/diariorepublica.com.ar\/web\/?p=18688"},"modified":"2024-09-24T10:55:53","modified_gmt":"2024-09-24T13:55:53","slug":"vibra-turismo-en-catamarca-jornada-de-festejos-en-el-jumeal","status":"publish","type":"post","link":"https:\/\/diariorepublica.com.ar\/web\/index.php\/sociedad\/2024\/09\/24\/vibra-turismo-en-catamarca-jornada-de-festejos-en-el-jumeal\/","title":{"rendered":"\u201cVibr\u00e1 Turismo en Catamarca\u201d: jornada de festejos en El Jumeal"},"content":{"rendered":"<p style=\"font-weight: 400;\">Este viernes 27 de septiembre se llevar\u00e1 a cabo la celebraci\u00f3n por el D\u00eda Internacional del Turismo organizado por la Secretar\u00eda de Gesti\u00f3n Tur\u00edstica, bajo el lema \u00abVibr\u00e1 turismo en Catamarca\u00bb. La cita ser\u00e1 a partir de las 17 en el Parque de los Vientos y la convocatoria es libre y gratuita para participar de una tarde noche de actividades outdoor, donde se podr\u00e1 disfrutar de la naturaleza, los paisajes y la energ\u00eda de la m\u00fasica.<\/p>\n<p style=\"font-weight: 400;\">Las actividades coordinadas iniciar\u00e1n desde las 17 en el perilago del dique El Jumeal, donde los paseos en kayak e hidropedal dar\u00e1n inicio a una jornada plena para disfrutar de la naturaleza y la belleza de nuestra tierra.<\/p>\n<p style=\"font-weight: 400;\">Luego desde las 19, en el escenario del Parque de los Vientos las clases de zumba activar\u00e1n el ritmo y el movimiento para vibrar al comp\u00e1s de la m\u00fasica.<\/p>\n<p style=\"font-weight: 400;\">El Parque de los Vientos ser\u00e1 tambi\u00e9n el punto de encuentro a las 19 hs para iniciar el circuito de trekking guiado, donde se podr\u00e1 admirar el paisaje nocturno que ofrece nuestro valle y las luces de la ciudad que se pueden apreciar desde los balcones del jumeal.<\/p>\n<p style=\"font-weight: 400;\">El cierre de la jornada ser\u00e1 sobre el escenario del Parque de los Vientos, donde a partir de las 20.30 una grilla de artistas locales brindar\u00e1n un show para los presentes.<\/p>\n<p style=\"font-weight: 400;\">La primera presentaci\u00f3n llegar\u00e1 con el folklore de Los Mellizos Cejas, luego La Vor\u00e1gine aportar\u00e1 la energ\u00eda del rock catamarque\u00f1o y el cierre de la jornada estar\u00e1 a cargo del cuarteto de la Banda Engancha2 con todo su ritmo y color.<\/p>\n","protected":false},"excerpt":{"rendered":"<p>Este viernes 27 de septiembre se llevar\u00e1 a cabo la celebraci\u00f3n por el D\u00eda Internacional del Turismo organizado por la<\/p>\n","protected":false},"author":1,"featured_media":18689,"comment_status":"closed","ping_status":"closed","sticky":false,"template":"","format":"standard","meta":{"footnotes":"","jetpack_publicize_message":"","jetpack_publicize_feature_enabled":true,"jetpack_social_post_already_shared":true,"jetpack_social_options":{"image_generator_settings":{"template":"highway","enabled":false},"version":2}},"categories":[3],"tags":[],"class_list":["post-18688","post","type-post","status-publish","format-standard","has-post-thumbnail","hentry","category-sociedad"],"jetpack_publicize_connections":[],"_links":{"self":[{"href":"https:\/\/diariorepublica.com.ar\/web\/index.php\/wp-json\/wp\/v2\/posts\/18688"}],"collection":[{"href":"https:\/\/diariorepublica.com.ar\/web\/index.php\/wp-json\/wp\/v2\/posts"}],"about":[{"href":"https:\/\/diariorepublica.com.ar\/web\/index.php\/wp-json\/wp\/v2\/types\/post"}],"author":[{"embeddable":true,"href":"https:\/\/diariorepublica.com.ar\/web\/index.php\/wp-json\/wp\/v2\/users\/1"}],"replies":[{"embeddable":true,"href":"https:\/\/diariorepublica.com.ar\/web\/index.php\/wp-json\/wp\/v2\/comments?post=18688"}],"version-history":[{"count":1,"href":"https:\/\/diariorepublica.com.ar\/web\/index.php\/wp-json\/wp\/v2\/posts\/18688\/revisions"}],"predecessor-version":[{"id":18690,"href":"https:\/\/diariorepublica.com.ar\/web\/index.php\/wp-json\/wp\/v2\/posts\/18688\/revisions\/18690"}],"wp:featuredmedia":[{"embeddable":true,"href":"https:\/\/diariorepublica.com.ar\/web\/index.php\/wp-json\/wp\/v2\/media\/18689"}],"wp:attachment":[{"href":"https:\/\/diariorepublica.com.ar\/web\/index.php\/wp-json\/wp\/v2\/media?parent=18688"}],"wp:term":[{"taxonomy":"category","embeddable":true,"href":"https:\/\/diariorepublica.com.ar\/web\/index.php\/wp-json\/wp\/v2\/categories?post=18688"},{"taxonomy":"post_tag","embeddable":true,"href":"https:\/\/diariorepublica.com.ar\/web\/index.php\/wp-json\/wp\/v2\/tags?post=18688"}],"curies":[{"name":"wp","href":"https:\/\/api.w.org\/{rel}","templated":true}]}}