{"id":18705,"date":"2024-09-25T06:00:00","date_gmt":"2024-09-25T09:00:00","guid":{"rendered":"https:\/\/diariorepublica.com.ar\/web\/?p=18705"},"modified":"2024-09-25T08:02:11","modified_gmt":"2024-09-25T11:02:11","slug":"revocan-el-sobreseimiento-de-cristina-kirchner-en-la-causa-conocida-como-ruta-del-dinero-k","status":"publish","type":"post","link":"https:\/\/diariorepublica.com.ar\/web\/index.php\/nacionales\/2024\/09\/25\/revocan-el-sobreseimiento-de-cristina-kirchner-en-la-causa-conocida-como-ruta-del-dinero-k\/","title":{"rendered":"Revocan el sobreseimiento de Cristina Kirchner en la causa conocida como \u00abRuta del Dinero K\u00bb"},"content":{"rendered":"<p>La C\u00e1mara Federal porte\u00f1a revoc\u00f3 el sobreseimiento de la ex presidenta <strong>Cristina Fern\u00e1ndez de Kirchner<\/strong>\u00a0en la causa conocida como\u00a0<em>\u00abRuta del dinero K\u00bb<\/em>, al declarar nulo el dictamen fiscal que lo hab\u00eda postulado, por lo que orden\u00f3 seguir adelante con medidas de prueba pendientes antes de tomar una nueva decisi\u00f3n al respecto.<\/p>\n<p>Se trata de una decisi\u00f3n de los jueces Mariano Llorens y Pablo Bertuzzi, con disidencia de Eduardo Farah, quienes hicieron lugar a una apelaci\u00f3n de la asociaci\u00f3n civil \u00abBases\u00bb, querellante en la causa, contra el sobreseimiento de la ex presidenta que hab\u00eda postulado el fiscal\u00a0<strong>Guillermo Marijuan<\/strong>, seg\u00fan la resoluci\u00f3n a la que tuvo acceso la Agencia Noticias Argentinas.<\/p>\n<p>Los jueces del Tribunal de Apelaciones\u00a0<strong>aludieron a las evidencias de v\u00ednculos entre los Kirchner y el ya condenado empresario L\u00e1zaro B\u00e1ez<\/strong>, due\u00f1o de la empresa \u00abAustral Construcciones\u00bb.<\/p>\n<p>Pese a ello, y \u00aba pesar de los v\u00ednculos hallados en el marco en la presente, as\u00ed como en las otras investigaciones paralelas sobre el entramado de relaciones societarias -y a su vez \u00e9stas encadenadas entre s\u00ed a partir de los mismos personajes y objetivos-, en este recorte parcial de los eventos estableci\u00f3 que no hab\u00eda elementos que le permitieran avanzar m\u00e1s all\u00e1 del estado de sospecha\u00bb, cuestion\u00f3 la C\u00e1mara sobre ese dictamen fiscal, ahora declarado nulo.<\/p>\n<p>El dictamen demuestra una \u00abcontradicci\u00f3n l\u00f3gica\u00bb y ello \u00absostiene su descalificaci\u00f3n como acto jur\u00eddico v\u00e1lido.<\/p>\n<p>Por eso, \u00abcorresponder\u00eda preguntarse de qu\u00e9 modo las pruebas aludidas con antelaci\u00f3n pueden contrarrestar, a modo de verbigracia, las 372 llamadas telef\u00f3nicas establecidas entre las dos personas en cuesti\u00f3n si lo que se persegu\u00eda probar era, precisamente, la inexistencia de una relaci\u00f3n cercana\u00bb, agreg\u00f3 en su voto el camarista Llorens, en relaci\u00f3n a los v\u00ednculos entre los Kirchner y B\u00e1ez.<\/p>\n<p>Tambi\u00e9n se pregunt\u00f3 \u00abc\u00f3mo se explica el hecho de que N\u00e9stor y Cristina Kirchner, representados por su hijo M\u00e1ximo, hayan vendido nueve inmuebles a \u00b4Austral Construcciones S.A.\u00b4, relacionada con L\u00e1zaro o Mart\u00edn B\u00e1ez, as\u00ed como la venta de otro inmueble del matrimonio aludido a la firma Epelco, tambi\u00e9n de los B\u00e1ez\u00bb.<\/p>\n<p>\u00abParalelamente, persiste el interrogante respecto a los motivos por los cuales Cristina Fern\u00e1ndez entreg\u00f3 un bien en permuta y otro en concepto de daci\u00f3n de pago a la empresa antedicha\u00bb, agreg\u00f3.<\/p>\n<p>Al pedir el sobreseimiento de la ex presidenta, Marijuan hab\u00eda sostenido no tener prueba suficiente para vincularla con las maniobras de lavado de activos por las que s\u00ed fue condenado B\u00e1ez.<\/p>\n<p>El fiscal, al postular el sobreseimiento, \u00abno analiz\u00f3 la secuencia de expatriaci\u00f3n de dinero por intermedio de la financiera Provalor cuyo dinero \u00b4f\u00edsico\u00b4 nunca sali\u00f3 del pa\u00eds, y que retornaba de las cuentas en el extranjero para hacer frente a los pagos de los hoteles. En ese entramado, nunca se detuvo a analizar qu\u00e9 funci\u00f3n tuvieron dentro de ese esquema Osvaldo Sanfelice, Ra\u00fal Copetti y M\u00e1ximo Kirchner, entre otros\u00bb, sostuvo adem\u00e1s Llorens.<\/p>\n<p>La C\u00e1mara rechaz\u00f3 apartar de la causa al juez federal Sebasti\u00e1n Casanello y le encomend\u00f3 seguir adelante con medidas de prueba pendientes para luego resolver las situaciones procesales a\u00fan sin definir, entre ellas la de la ex presidenta.<\/p>\n<p>NA<\/p>\n","protected":false},"excerpt":{"rendered":"<p>La C\u00e1mara Federal porte\u00f1a revoc\u00f3 el sobreseimiento de la ex presidenta Cristina Fern\u00e1ndez de Kirchner\u00a0en la causa conocida como\u00a0\u00abRuta del<\/p>\n","protected":false},"author":1,"featured_media":18706,"comment_status":"closed","ping_status":"closed","sticky":false,"template":"","format":"standard","meta":{"footnotes":"","jetpack_publicize_message":"","jetpack_publicize_feature_enabled":true,"jetpack_social_post_already_shared":true,"jetpack_social_options":{"image_generator_settings":{"template":"highway","enabled":false},"version":2}},"categories":[4],"tags":[],"class_list":["post-18705","post","type-post","status-publish","format-standard","has-post-thumbnail","hentry","category-nacionales"],"jetpack_publicize_connections":[],"_links":{"self":[{"href":"https:\/\/diariorepublica.com.ar\/web\/index.php\/wp-json\/wp\/v2\/posts\/18705"}],"collection":[{"href":"https:\/\/diariorepublica.com.ar\/web\/index.php\/wp-json\/wp\/v2\/posts"}],"about":[{"href":"https:\/\/diariorepublica.com.ar\/web\/index.php\/wp-json\/wp\/v2\/types\/post"}],"author":[{"embeddable":true,"href":"https:\/\/diariorepublica.com.ar\/web\/index.php\/wp-json\/wp\/v2\/users\/1"}],"replies":[{"embeddable":true,"href":"https:\/\/diariorepublica.com.ar\/web\/index.php\/wp-json\/wp\/v2\/comments?post=18705"}],"version-history":[{"count":1,"href":"https:\/\/diariorepublica.com.ar\/web\/index.php\/wp-json\/wp\/v2\/posts\/18705\/revisions"}],"predecessor-version":[{"id":18707,"href":"https:\/\/diariorepublica.com.ar\/web\/index.php\/wp-json\/wp\/v2\/posts\/18705\/revisions\/18707"}],"wp:featuredmedia":[{"embeddable":true,"href":"https:\/\/diariorepublica.com.ar\/web\/index.php\/wp-json\/wp\/v2\/media\/18706"}],"wp:attachment":[{"href":"https:\/\/diariorepublica.com.ar\/web\/index.php\/wp-json\/wp\/v2\/media?parent=18705"}],"wp:term":[{"taxonomy":"category","embeddable":true,"href":"https:\/\/diariorepublica.com.ar\/web\/index.php\/wp-json\/wp\/v2\/categories?post=18705"},{"taxonomy":"post_tag","embeddable":true,"href":"https:\/\/diariorepublica.com.ar\/web\/index.php\/wp-json\/wp\/v2\/tags?post=18705"}],"curies":[{"name":"wp","href":"https:\/\/api.w.org\/{rel}","templated":true}]}}