{"id":1873,"date":"2023-04-21T08:29:06","date_gmt":"2023-04-21T11:29:06","guid":{"rendered":"https:\/\/diariorepublica.com.ar\/web\/?p=1873"},"modified":"2023-04-21T08:29:07","modified_gmt":"2023-04-21T11:29:07","slug":"ante-promesa-de-pago-choferes-de-empresa-25-de-agosto-suspenden-medidas-de-fuerza","status":"publish","type":"post","link":"https:\/\/diariorepublica.com.ar\/web\/index.php\/sociedad\/2023\/04\/21\/ante-promesa-de-pago-choferes-de-empresa-25-de-agosto-suspenden-medidas-de-fuerza\/","title":{"rendered":"Ante promesa de pago, choferes de empresa 25 de Agosto suspenden medidas de fuerza"},"content":{"rendered":"<p>Otra vez la empresa mantiene diferencias y demoras en el pago de los salarios con sus trabajadores y por ello\u00a0<strong>UTA\u00a0<\/strong>inform\u00f3 este jueves que los choferes de colectivos de la empresa<strong>\u00a025 de Agosto<\/strong>\u00a0hab\u00edan resuelto un paro de actividades por 24 horas para este viernes.<\/p>\n<p>En las \u00faltimas horas y en funci\u00f3n de un compromiso de pago de parte de la patronal, la medida de fuerza fue suspendida, siempre y cuando la promesa de abonar hasta el mediod\u00eda se cumpla.<\/p>\n<p>Seg\u00fan se explic\u00f3, el or\u00edgen del conflicto radica en que los sueldos fueron pagados con la escala salarial anterior, y se no contempl\u00f3 el aumento del 10% para los trabajadores, seg\u00fan acuerdo paritario firmado oportunamente.<\/p>\n","protected":false},"excerpt":{"rendered":"<p>Otra vez la empresa mantiene diferencias y demoras en el pago de los salarios con sus trabajadores y por ello\u00a0UTA\u00a0inform\u00f3<\/p>\n","protected":false},"author":2,"featured_media":1874,"comment_status":"closed","ping_status":"closed","sticky":false,"template":"","format":"standard","meta":{"footnotes":"","jetpack_publicize_message":"","jetpack_publicize_feature_enabled":true,"jetpack_social_post_already_shared":false,"jetpack_social_options":{"image_generator_settings":{"template":"highway","enabled":false},"version":2}},"categories":[3],"tags":[],"class_list":["post-1873","post","type-post","status-publish","format-standard","has-post-thumbnail","hentry","category-sociedad"],"jetpack_publicize_connections":[],"_links":{"self":[{"href":"https:\/\/diariorepublica.com.ar\/web\/index.php\/wp-json\/wp\/v2\/posts\/1873"}],"collection":[{"href":"https:\/\/diariorepublica.com.ar\/web\/index.php\/wp-json\/wp\/v2\/posts"}],"about":[{"href":"https:\/\/diariorepublica.com.ar\/web\/index.php\/wp-json\/wp\/v2\/types\/post"}],"author":[{"embeddable":true,"href":"https:\/\/diariorepublica.com.ar\/web\/index.php\/wp-json\/wp\/v2\/users\/2"}],"replies":[{"embeddable":true,"href":"https:\/\/diariorepublica.com.ar\/web\/index.php\/wp-json\/wp\/v2\/comments?post=1873"}],"version-history":[{"count":1,"href":"https:\/\/diariorepublica.com.ar\/web\/index.php\/wp-json\/wp\/v2\/posts\/1873\/revisions"}],"predecessor-version":[{"id":1875,"href":"https:\/\/diariorepublica.com.ar\/web\/index.php\/wp-json\/wp\/v2\/posts\/1873\/revisions\/1875"}],"wp:featuredmedia":[{"embeddable":true,"href":"https:\/\/diariorepublica.com.ar\/web\/index.php\/wp-json\/wp\/v2\/media\/1874"}],"wp:attachment":[{"href":"https:\/\/diariorepublica.com.ar\/web\/index.php\/wp-json\/wp\/v2\/media?parent=1873"}],"wp:term":[{"taxonomy":"category","embeddable":true,"href":"https:\/\/diariorepublica.com.ar\/web\/index.php\/wp-json\/wp\/v2\/categories?post=1873"},{"taxonomy":"post_tag","embeddable":true,"href":"https:\/\/diariorepublica.com.ar\/web\/index.php\/wp-json\/wp\/v2\/tags?post=1873"}],"curies":[{"name":"wp","href":"https:\/\/api.w.org\/{rel}","templated":true}]}}