{"id":18758,"date":"2024-09-26T18:02:23","date_gmt":"2024-09-26T21:02:23","guid":{"rendered":"https:\/\/diariorepublica.com.ar\/web\/?p=18758"},"modified":"2024-09-26T18:02:25","modified_gmt":"2024-09-26T21:02:25","slug":"la-pobreza-subio-al-529-en-el-primer-semestre-de-2024-y-afecto-a-casi-25-millones-de-personas","status":"publish","type":"post","link":"https:\/\/diariorepublica.com.ar\/web\/index.php\/economia\/2024\/09\/26\/la-pobreza-subio-al-529-en-el-primer-semestre-de-2024-y-afecto-a-casi-25-millones-de-personas\/","title":{"rendered":"La pobreza subi\u00f3 al 52,9% en el primer semestre de 2024 y afect\u00f3 a casi 25 millones de personas"},"content":{"rendered":"<p>El\u00a0<strong>\u00cdndice de Pobreza alcanz\u00f3 al t\u00e9rmino del primer semestre del a\u00f1o al 52,9%<\/strong>, por encima del 41,7% de finales del a\u00f1o pasado, y del 40,1% de enero- junio de 2023, inform\u00f3\u00a0este jueves el\u00a0<strong>Instituto Nacional de Estad\u00edstica y Censos (Indec)<\/strong>.<\/p>\n<p>En tanto,\u00a0<strong>el \u00cdndice de Indigencia<\/strong>, entendido este como los pobres cuyos ingresos no son suficientes ni siquiera para comprar la cantidad m\u00ednima de comida que permita la subsistencia,\u00a0<strong>se ubic\u00f3 en 18,1%<\/strong>.\u00a0A finales del a\u00f1o pasado hab\u00eda trepado al 11,9%, y entre enero y junio del 2023 se ubicaba en 9,3 por ciento.<\/p>\n<p>Esto implica que\u00a0<strong>sobre una poblaci\u00f3n de 46 millones de personas, 24,3 millones son pobres, y entre ellas, 8,3 millones no tienen el dinero m\u00ednimo para comprar la comida que les garantice la subsistencia<\/strong>.<\/p>\n<p>Entre finales del 2023, y junio de este a\u00f1o la inflaci\u00f3n alcanz\u00f3 al 79,8%, y si bien el \u00cdndice de salarios aument\u00f3 84,3% en el primer semestre del a\u00f1o, no todos los empleados tuvieron el mismo aumento.<\/p>\n<p>Solo los trabajadores registrados del sector privado tuvieron un aumento por encima de la inflaci\u00f3n, al registrar un alza del 93,6%, mientras que los ingresos de los empleados p\u00fablicos aumentaron 73,3% y lo de los trabajadores \u00aben negro\u00bb el 69,8%, indic\u00f3 el Indec.<\/p>\n<p>Adem\u00e1s, durante el primer semestre se registr\u00f3 una\u00a0<strong>ca\u00edda en el nivel de la actividad econ\u00f3mica del 3,2%<\/strong>,\u00a0<strong>y la tasa de desocupaci\u00f3n pas\u00f3 del 5,7% de finales del 2023, al 7,6% al terminar a finales de junio<\/strong>, seg\u00fan datos del Indec.<\/p>\n<p>Antes de que el Indec diera a conocer la cifra,\u00a0el vocero presidencial\u00a0<strong>Manuel Adorni<\/strong>, sali\u00f3 al cruce del aumento en el \u00cdndice de Pobreza\u00a0al afirmar que\u00a0<strong>\u00absi no se evitaba la hiperinflaci\u00f3n la pobreza se hubiese llevado de cerca de 40% a cerca del 95%\u00bb<\/strong>.<\/p>\n<p><strong>\u00abNos dejaron implantadas un mont\u00f3n de bombas que iban a afectar la actividad y tambi\u00e9n a los salarios reales y a la inflaci\u00f3n\u00bb<\/strong>, dijo Adorni durante la conferencia de prensa que realiza en la Casa de Gobierno.<\/p>\n<p>El funcionario tambi\u00e9n destac\u00f3 que desde el gobierno de Javier Milei hacen \u00abtodo para que cambie. De hecho hace cuatro per\u00edodos que el salario comenz\u00f3 a recuperarse\u00bb.<\/p>\n<p>Adorni asegur\u00f3 que \u00abla gente vot\u00f3 al Presidente (Javier Milei) diciendo que su principal objetivo era bajar la inflaci\u00f3n ordenando la macroeconom\u00eda. Y siempre dijimos que 2024 iba a ser peor que 2023\u00bb.<\/p>\n<p>\u00abA la Argentina la han despedazado y reconstruirla lleva tiempo y lo marca la historia, al margen de que, repito, recibimos una Argentina en las peores condiciones hist\u00f3ricas que se pudo recibir un pa\u00eds\u00bb, enfatiz\u00f3 el vocero presidencial.<\/p>\n<p>Fuente: NA.<\/p>\n","protected":false},"excerpt":{"rendered":"<p>El\u00a0\u00cdndice de Pobreza alcanz\u00f3 al t\u00e9rmino del primer semestre del a\u00f1o al 52,9%, por encima del 41,7% de finales del<\/p>\n","protected":false},"author":1,"featured_media":18759,"comment_status":"closed","ping_status":"closed","sticky":false,"template":"","format":"standard","meta":{"footnotes":"","jetpack_publicize_message":"","jetpack_publicize_feature_enabled":true,"jetpack_social_post_already_shared":true,"jetpack_social_options":{"image_generator_settings":{"template":"highway","enabled":false},"version":2}},"categories":[5],"tags":[],"class_list":["post-18758","post","type-post","status-publish","format-standard","has-post-thumbnail","hentry","category-economia"],"jetpack_publicize_connections":[],"_links":{"self":[{"href":"https:\/\/diariorepublica.com.ar\/web\/index.php\/wp-json\/wp\/v2\/posts\/18758"}],"collection":[{"href":"https:\/\/diariorepublica.com.ar\/web\/index.php\/wp-json\/wp\/v2\/posts"}],"about":[{"href":"https:\/\/diariorepublica.com.ar\/web\/index.php\/wp-json\/wp\/v2\/types\/post"}],"author":[{"embeddable":true,"href":"https:\/\/diariorepublica.com.ar\/web\/index.php\/wp-json\/wp\/v2\/users\/1"}],"replies":[{"embeddable":true,"href":"https:\/\/diariorepublica.com.ar\/web\/index.php\/wp-json\/wp\/v2\/comments?post=18758"}],"version-history":[{"count":1,"href":"https:\/\/diariorepublica.com.ar\/web\/index.php\/wp-json\/wp\/v2\/posts\/18758\/revisions"}],"predecessor-version":[{"id":18760,"href":"https:\/\/diariorepublica.com.ar\/web\/index.php\/wp-json\/wp\/v2\/posts\/18758\/revisions\/18760"}],"wp:featuredmedia":[{"embeddable":true,"href":"https:\/\/diariorepublica.com.ar\/web\/index.php\/wp-json\/wp\/v2\/media\/18759"}],"wp:attachment":[{"href":"https:\/\/diariorepublica.com.ar\/web\/index.php\/wp-json\/wp\/v2\/media?parent=18758"}],"wp:term":[{"taxonomy":"category","embeddable":true,"href":"https:\/\/diariorepublica.com.ar\/web\/index.php\/wp-json\/wp\/v2\/categories?post=18758"},{"taxonomy":"post_tag","embeddable":true,"href":"https:\/\/diariorepublica.com.ar\/web\/index.php\/wp-json\/wp\/v2\/tags?post=18758"}],"curies":[{"name":"wp","href":"https:\/\/api.w.org\/{rel}","templated":true}]}}