{"id":18776,"date":"2024-09-27T05:43:00","date_gmt":"2024-09-27T08:43:00","guid":{"rendered":"https:\/\/diariorepublica.com.ar\/web\/?p=18776"},"modified":"2024-09-27T07:44:50","modified_gmt":"2024-09-27T10:44:50","slug":"racing-goleo-y-enfrentara-a-corinthians-en-semifinales","status":"publish","type":"post","link":"https:\/\/diariorepublica.com.ar\/web\/index.php\/deportes\/2024\/09\/27\/racing-goleo-y-enfrentara-a-corinthians-en-semifinales\/","title":{"rendered":"Racing gole\u00f3 y enfrentar\u00e1 a Corinthians en semifinales"},"content":{"rendered":"<article id=\"article-post\" class=\"first\">\n<div class=\"cuerpo\" data-twitter-link=\"https:\/\/twitter.com\/intent\/tweet?url=https:\/\/www.diariopopular.com.ar\/c807867&amp;via=poopulardiario&amp;related=Popular&amp;text=\">\n<p><strong>Un triunfo de esos a los que nos ten\u00eda acostumbrados hace unos meses le permiti\u00f3 a Racing acceder a las semifinales de la Copa Sudamericana tras golear en el Cilindro de Avellaneda a Athletico Paranaense por 4-1, jugando en forma brillante en el primer tiempo y regulando su marcha en el complemento<\/strong>.<\/p>\n<\/div>\n<\/article>\n<article id=\"article-post\">\n<div class=\"cuerpo\" data-twitter-link=\"https:\/\/twitter.com\/intent\/tweet?url=https:\/\/www.diariopopular.com.ar\/c807867&amp;via=poopulardiario&amp;related=Popular&amp;text=\">\n<p>Agust\u00edn Almendra, Adri\u00e1n Mart\u00ednez y el colombiano Roger Mart\u00ednez pusieron un 3-0 so\u00f1ado en los 45 minutos iniciales. El descuento de Nikao, al inicio del segundo tiempo, gener\u00f3 algo de preocupaci\u00f3n, pero el golazo de Gast\u00f3n Martirena asegur\u00f3 un triunfo importante para Gustavo Costas y sus conducidos.<\/p>\n<p>La victoria, adem\u00e1s de asegurar el pase a la semifinal con el Corinthians de Ram\u00f3n D\u00edaz, seguramente representar\u00e1 una importante inyecci\u00f3n de \u00e1nimo para un equipo ciclot\u00edmico, que por momentos es brillante y por otros desaparece. Pero cuando est\u00e1 diez puntos, le puede ganar a cualquiera.<\/p>\n<div id=\"embed52_wrap\" class=\"embed_cont type_freetext\" contenteditable=\"false\">\n<div id=\"embed52_content\" class=\"embed_content\">\n<div id=\"embed52_embed\">\n<div class=\"video_container\"><iframe loading=\"lazy\" class=\"video_iframe\" src=\"https:\/\/www.youtube.com\/embed\/W_oriZgC-ko\" width=\"100%\" height=\"360\" frameborder=\"0\" scrolling=\"no\" data-gtm-yt-inspected-11=\"true\" data-mce-fragment=\"1\"><\/iframe><\/div>\n<\/div>\n<\/div>\n<div id=\"embed52_epigrafe\" class=\"embed_epigrafe\"><\/div>\n<div id=\"embed52_copyright\" class=\"embed_copyright\"><\/div>\n<\/div>\n<p>El golazo de Almendra, a los 20 segundos de juego, le dio a Racing la tranquilidad que necesitaba. El volante tom\u00f3 un rebote unos tres metros afuera del \u00e1rea y sac\u00f3 un derechazo que se meti\u00f3 cerca de uno de los \u00e1ngulos del arco defendido por Mycael.<\/p>\n<p>Pero la\u00a0<em>Academia<\/em>\u00a0no se qued\u00f3 ah\u00ed. Sigui\u00f3 insistiendo en busca de la diferencia que le diera el pase a las semifinales. Estuvo cerca con un disparo de Roger Mart\u00ednez desde fuera del \u00e1rea y una chilena de Adri\u00e1n Mart\u00ednez que se fue apenas alta. Y a los 23 logr\u00f3 su cometido cuando Roger habilit\u00f3 a\u00a0<em>Maravilla\u00a0<\/em>para que con un toque bajo dejar\u00e1 sin chances al arquero visitante<em>.<\/em><\/p>\n<p>Con dos goles de ventaja, el elenco que orienta t\u00e1cticamente Gustavo Costas no se relaj\u00f3 y sigui\u00f3 yendo por m\u00e1s, para liquidar el pleito en el primer segmento. Y en una contra letal alcanz\u00f3 el tercer tanto con el que se cerr\u00f3 el parcial inicial.<\/p>\n<p><em>Juanfer<\/em>\u00a0Quintero gan\u00f3 una pelota dividida, desair\u00f3 a un rival, se llev\u00f3 una marca y asisti\u00f3 a Roger Mart\u00ednez, quien completamente libre no tuvo problemas para poner el 3-0 y dejar la serie pr\u00e1cticamente definida cuando corr\u00edan 42 minutos de la parte inicial.<\/p>\n<p>Pero Racing naci\u00f3 para sufrir y sobre los 3 minutos de la parte complementaria el ingresado Nikao achic\u00f3 distancias y le dio vida a su equipo. El delantero recibi\u00f3 un gran pase de Agust\u00edn Canobbio y defini\u00f3 con un zurdazo bajo y cruzado que Gabriel Arias alcanz\u00f3 a cachetear sin poder evitar el gol.<\/p>\n<p>Por un momento el equipo\u00a0<em>blanquiceleste<\/em>\u00a0qued\u00f3 descolocado y el elenco de Curitiba se adelant\u00f3, aunque sin generar demasiado peligro.<\/p>\n<p>Hasta que a los 32 apareci\u00f3 Gast\u00f3n Martirena para poner el 4-1 y hacer vibrar el Cilindro de Avellaneda con un bombazo de afuera del \u00e1rea que se meti\u00f3 cerca del \u00e1ngulo.<\/p>\n<p>Y fue todo. Racing sigue en carrera y sus hinchas sue\u00f1an con un t\u00edtulo internacional. El camino no ser\u00e1 f\u00e1cil y tendr\u00e1 como primer escollo el Corinthians de Ram\u00f3n D\u00edaz. Pero la ilusi\u00f3n esta viva y se mantendr\u00e1 as\u00ed en la medida que el equipo mantenga el nivel que evidenci\u00f3 en ese fant\u00e1stico primer tiempo.<\/p>\n<\/div>\n<\/article>\n","protected":false},"excerpt":{"rendered":"<p>Un triunfo de esos a los que nos ten\u00eda acostumbrados hace unos meses le permiti\u00f3 a Racing acceder a las<\/p>\n","protected":false},"author":1,"featured_media":18777,"comment_status":"closed","ping_status":"closed","sticky":false,"template":"","format":"standard","meta":{"footnotes":"","jetpack_publicize_message":"","jetpack_publicize_feature_enabled":true,"jetpack_social_post_already_shared":true,"jetpack_social_options":{"image_generator_settings":{"template":"highway","enabled":false},"version":2}},"categories":[9],"tags":[],"class_list":["post-18776","post","type-post","status-publish","format-standard","has-post-thumbnail","hentry","category-deportes"],"jetpack_publicize_connections":[],"_links":{"self":[{"href":"https:\/\/diariorepublica.com.ar\/web\/index.php\/wp-json\/wp\/v2\/posts\/18776"}],"collection":[{"href":"https:\/\/diariorepublica.com.ar\/web\/index.php\/wp-json\/wp\/v2\/posts"}],"about":[{"href":"https:\/\/diariorepublica.com.ar\/web\/index.php\/wp-json\/wp\/v2\/types\/post"}],"author":[{"embeddable":true,"href":"https:\/\/diariorepublica.com.ar\/web\/index.php\/wp-json\/wp\/v2\/users\/1"}],"replies":[{"embeddable":true,"href":"https:\/\/diariorepublica.com.ar\/web\/index.php\/wp-json\/wp\/v2\/comments?post=18776"}],"version-history":[{"count":1,"href":"https:\/\/diariorepublica.com.ar\/web\/index.php\/wp-json\/wp\/v2\/posts\/18776\/revisions"}],"predecessor-version":[{"id":18778,"href":"https:\/\/diariorepublica.com.ar\/web\/index.php\/wp-json\/wp\/v2\/posts\/18776\/revisions\/18778"}],"wp:featuredmedia":[{"embeddable":true,"href":"https:\/\/diariorepublica.com.ar\/web\/index.php\/wp-json\/wp\/v2\/media\/18777"}],"wp:attachment":[{"href":"https:\/\/diariorepublica.com.ar\/web\/index.php\/wp-json\/wp\/v2\/media?parent=18776"}],"wp:term":[{"taxonomy":"category","embeddable":true,"href":"https:\/\/diariorepublica.com.ar\/web\/index.php\/wp-json\/wp\/v2\/categories?post=18776"},{"taxonomy":"post_tag","embeddable":true,"href":"https:\/\/diariorepublica.com.ar\/web\/index.php\/wp-json\/wp\/v2\/tags?post=18776"}],"curies":[{"name":"wp","href":"https:\/\/api.w.org\/{rel}","templated":true}]}}