{"id":18799,"date":"2024-09-27T12:24:00","date_gmt":"2024-09-27T15:24:00","guid":{"rendered":"https:\/\/diariorepublica.com.ar\/web\/?p=18799"},"modified":"2024-09-27T17:25:42","modified_gmt":"2024-09-27T20:25:42","slug":"milei-firmara-un-decreto-para-privatizar-a-aerolineas-argentinas","status":"publish","type":"post","link":"https:\/\/diariorepublica.com.ar\/web\/index.php\/nacionales\/2024\/09\/27\/milei-firmara-un-decreto-para-privatizar-a-aerolineas-argentinas\/","title":{"rendered":"Milei firmar\u00e1 un decreto para privatizar a Aerol\u00edneas Argentinas"},"content":{"rendered":"<article id=\"article-post\" class=\"first\">\n<div class=\"cuerpo\" data-twitter-link=\"https:\/\/twitter.com\/intent\/tweet?url=https:\/\/www.diariopopular.com.ar\/c807926&amp;via=poopulardiario&amp;related=Popular&amp;text=\">\n<p>Mientras en la semana\u00a0<strong>se comenz\u00f3 a discutir en el Congreso de la Naci\u00f3n un proyecto presentado por el PRO para privatizar Aerol\u00edneas Argentinas<\/strong>, parece que el presidente quiere acelerar los tr\u00e1mites.<\/p>\n<\/div>\n<\/article>\n<article id=\"article-post\">\n<div class=\"cuerpo\" data-twitter-link=\"https:\/\/twitter.com\/intent\/tweet?url=https:\/\/www.diariopopular.com.ar\/c807926&amp;via=poopulardiario&amp;related=Popular&amp;text=\">\n<p>El vocero presidencial Manuel Adorni anunci\u00f3 que Aerol\u00edneas Argentinas ya quedar\u00e1 sujeta a privatizaci\u00f3n por medio de un decreto que firmar\u00e1 el presidente Javier Milei en la pr\u00f3xima semana.<\/p>\n<p>\u201cEl Presidente de la Naci\u00f3n va a firmar un decreto que va a declarar a la empresa Aerol\u00edneas Argentinas &#8216;sujeta a privatizaci\u00f3n&#8217;, tal como lo habilita el art\u00edculo noveno de la ley 23.696, llamada Ley de Reforma del Estado\u201d, adelant\u00f3 Adorni este viernes en su habitual conferencia de prensa en Casa Rosada.<\/p>\n<p>Adorni, adem\u00e1s, record\u00f3 en su habitual conferencia de prensa que \u201c<strong>Aerol\u00edneas Argentinas arrastra un d\u00e9ficit cr\u00f3nico\u00a0<\/strong>a ra\u00edz de las desastrosas gestiones que llevaron a cabo todos y cada uno de los gobiernos populistas, lo que provoca la necesidad de efectuar constantes transferencias de recursos p\u00fablicos que ponen en riesgo la sostenibilidad fiscal\u201d.<\/p>\n<p>\u201cDesde su reestatizaci\u00f3n en 2008,<strong>\u00a0los aportes del Estado Nacional para cubrir el d\u00e9ficit de la compa\u00f1\u00eda a\u00e9rea superan los 8 mil millones de d\u00f3lares<\/strong>.\u00a0<strong>\u00bfPor qu\u00e9 los argentinos que nunca han viajado en su vida deben cubrir esta atrocidad?\u00a0<\/strong>No tiene absolutamente ning\u00fan sentido. Evidentemente la falta de empat\u00eda ha reinado en la Argentina en los \u00faltimos a\u00f1os\u201d, destac\u00f3 Adorni.<\/p>\n<p>Por otro lado, el vocero se refiri\u00f3 a la \u201cestructura sobredimensionada\u201d de Aerol\u00edneas Argentinas y especific\u00f3 que, actualmente, cuenta con una dotaci\u00f3n de\u00a0<strong>1.204 pilotos de l\u00ednea para volar 81 aviones activos, es decir, casi 15 pilotos por avi\u00f3n,<\/strong>\u00a0algo que el vocero calific\u00f3 como \u201cextremadamente excesivo\u201d si se compara con el promedio de las dem\u00e1s compa\u00f1\u00edas de la industria a\u00e9rea.<\/p>\n<p>Tambi\u00e9n enumer\u00f3 \u201cla cantidad de beneficios que gozaba parte de la empresa a costas de una Argentina pobre\u201d, enumerando entre otras cosas los traslados pagos, beneficios por cumplea\u00f1os, pasajes gratis, reprogramaciones pagas, l\u00edmites en las guardias, bonos en d\u00f3lares, condiciones de descanso diferentes a la de la industria, periodos festivos compensados con pasajes, comisiones, pasajes por matrimonio del empleado y para familiares.<\/p>\n<\/div>\n<\/article>\n","protected":false},"excerpt":{"rendered":"<p>Mientras en la semana\u00a0se comenz\u00f3 a discutir en el Congreso de la Naci\u00f3n un proyecto presentado por el PRO para<\/p>\n","protected":false},"author":1,"featured_media":18800,"comment_status":"closed","ping_status":"closed","sticky":false,"template":"","format":"standard","meta":{"footnotes":"","jetpack_publicize_message":"","jetpack_publicize_feature_enabled":true,"jetpack_social_post_already_shared":true,"jetpack_social_options":{"image_generator_settings":{"template":"highway","enabled":false},"version":2}},"categories":[4],"tags":[],"class_list":["post-18799","post","type-post","status-publish","format-standard","has-post-thumbnail","hentry","category-nacionales"],"jetpack_publicize_connections":[],"_links":{"self":[{"href":"https:\/\/diariorepublica.com.ar\/web\/index.php\/wp-json\/wp\/v2\/posts\/18799"}],"collection":[{"href":"https:\/\/diariorepublica.com.ar\/web\/index.php\/wp-json\/wp\/v2\/posts"}],"about":[{"href":"https:\/\/diariorepublica.com.ar\/web\/index.php\/wp-json\/wp\/v2\/types\/post"}],"author":[{"embeddable":true,"href":"https:\/\/diariorepublica.com.ar\/web\/index.php\/wp-json\/wp\/v2\/users\/1"}],"replies":[{"embeddable":true,"href":"https:\/\/diariorepublica.com.ar\/web\/index.php\/wp-json\/wp\/v2\/comments?post=18799"}],"version-history":[{"count":1,"href":"https:\/\/diariorepublica.com.ar\/web\/index.php\/wp-json\/wp\/v2\/posts\/18799\/revisions"}],"predecessor-version":[{"id":18801,"href":"https:\/\/diariorepublica.com.ar\/web\/index.php\/wp-json\/wp\/v2\/posts\/18799\/revisions\/18801"}],"wp:featuredmedia":[{"embeddable":true,"href":"https:\/\/diariorepublica.com.ar\/web\/index.php\/wp-json\/wp\/v2\/media\/18800"}],"wp:attachment":[{"href":"https:\/\/diariorepublica.com.ar\/web\/index.php\/wp-json\/wp\/v2\/media?parent=18799"}],"wp:term":[{"taxonomy":"category","embeddable":true,"href":"https:\/\/diariorepublica.com.ar\/web\/index.php\/wp-json\/wp\/v2\/categories?post=18799"},{"taxonomy":"post_tag","embeddable":true,"href":"https:\/\/diariorepublica.com.ar\/web\/index.php\/wp-json\/wp\/v2\/tags?post=18799"}],"curies":[{"name":"wp","href":"https:\/\/api.w.org\/{rel}","templated":true}]}}