{"id":1883,"date":"2023-04-21T10:34:27","date_gmt":"2023-04-21T13:34:27","guid":{"rendered":"https:\/\/diariorepublica.com.ar\/web\/?p=1883"},"modified":"2023-04-21T10:34:29","modified_gmt":"2023-04-21T13:34:29","slug":"el-presidente-alberto-fernandez-confirmo-que-no-ira-por-la-reeleccion","status":"publish","type":"post","link":"https:\/\/diariorepublica.com.ar\/web\/index.php\/politica\/2023\/04\/21\/el-presidente-alberto-fernandez-confirmo-que-no-ira-por-la-reeleccion\/","title":{"rendered":"El presidente Alberto Fern\u00e1ndez confirm\u00f3 que no ir\u00e1 por la reelecci\u00f3n"},"content":{"rendered":"<p>El presidente Alberto Fern\u00e1ndez utiliz\u00f3 sus redes sociales para anunciar que no ser\u00e1 precandidato presidencial en los pr\u00f3ximos comicios. A trav\u00e9s de un video que titul\u00f3 \u00abMi decisi\u00f3n\u00bb, el Jefe de Estado afirm\u00f3 que el 10 de diciembre entregar\u00e1 \u00abla banda a quien haya sido leg\u00edtimamente elegido en las urnas por el voto popular\u00bb y dijo que trabajar\u00e1 \u00abfervientemente para que sea un compa\u00f1ero o compa\u00f1era de nuestro espacio que represente a aquellos por quienes seguimos luchando\u00bb.<\/p>\n<p>El presidente Alberto Fern\u00e1ndez anunci\u00f3 que no se presentar\u00e1 como candidato para ser reelecto en las pr\u00f3ximas elecciones generales de octubre. El jefe de Estado afirm\u00f3 que tom\u00f3 esa decisi\u00f3n \u201ccon la certeza de no haber tomado una sola medida en contra de nuestro pueblo\u201d y sostuvo que durante este tiempo concentrar\u00e1 su \u201cesfuerzo, compromiso y coraz\u00f3n en resolver los problemas de los argentinos y argentinas\u201d hasta el 10 de diciembre.<\/p>\n","protected":false},"excerpt":{"rendered":"<p>El presidente Alberto Fern\u00e1ndez utiliz\u00f3 sus redes sociales para anunciar que no ser\u00e1 precandidato presidencial en los pr\u00f3ximos comicios. A<\/p>\n","protected":false},"author":2,"featured_media":1884,"comment_status":"closed","ping_status":"closed","sticky":false,"template":"","format":"standard","meta":{"footnotes":"","jetpack_publicize_message":"","jetpack_publicize_feature_enabled":true,"jetpack_social_post_already_shared":false,"jetpack_social_options":{"image_generator_settings":{"template":"highway","enabled":false},"version":2}},"categories":[12],"tags":[],"class_list":["post-1883","post","type-post","status-publish","format-standard","has-post-thumbnail","hentry","category-politica"],"jetpack_publicize_connections":[],"_links":{"self":[{"href":"https:\/\/diariorepublica.com.ar\/web\/index.php\/wp-json\/wp\/v2\/posts\/1883"}],"collection":[{"href":"https:\/\/diariorepublica.com.ar\/web\/index.php\/wp-json\/wp\/v2\/posts"}],"about":[{"href":"https:\/\/diariorepublica.com.ar\/web\/index.php\/wp-json\/wp\/v2\/types\/post"}],"author":[{"embeddable":true,"href":"https:\/\/diariorepublica.com.ar\/web\/index.php\/wp-json\/wp\/v2\/users\/2"}],"replies":[{"embeddable":true,"href":"https:\/\/diariorepublica.com.ar\/web\/index.php\/wp-json\/wp\/v2\/comments?post=1883"}],"version-history":[{"count":1,"href":"https:\/\/diariorepublica.com.ar\/web\/index.php\/wp-json\/wp\/v2\/posts\/1883\/revisions"}],"predecessor-version":[{"id":1885,"href":"https:\/\/diariorepublica.com.ar\/web\/index.php\/wp-json\/wp\/v2\/posts\/1883\/revisions\/1885"}],"wp:featuredmedia":[{"embeddable":true,"href":"https:\/\/diariorepublica.com.ar\/web\/index.php\/wp-json\/wp\/v2\/media\/1884"}],"wp:attachment":[{"href":"https:\/\/diariorepublica.com.ar\/web\/index.php\/wp-json\/wp\/v2\/media?parent=1883"}],"wp:term":[{"taxonomy":"category","embeddable":true,"href":"https:\/\/diariorepublica.com.ar\/web\/index.php\/wp-json\/wp\/v2\/categories?post=1883"},{"taxonomy":"post_tag","embeddable":true,"href":"https:\/\/diariorepublica.com.ar\/web\/index.php\/wp-json\/wp\/v2\/tags?post=1883"}],"curies":[{"name":"wp","href":"https:\/\/api.w.org\/{rel}","templated":true}]}}